{"id":168,"date":"2014-05-21T20:02:39","date_gmt":"2014-05-21T18:02:39","guid":{"rendered":"http:\/\/www.drahtige-figuren.de\/?p=168"},"modified":"2014-05-22T12:14:34","modified_gmt":"2014-05-22T10:14:34","slug":"drahtige-figuren-bei-fluss-mit-flair","status":"publish","type":"post","link":"https:\/\/www.drahtige-figuren.de\/?p=168","title":{"rendered":"Drahtige Figuren bei Fluss mit Flair"},"content":{"rendered":"<p>Meine Drahtigen Figuren sind bei &#8222;Fluss&#8220; mit Flair am Sonntag, 29. Juni 2014,\u00a0 in Gie\u00dfen zu sehen. Das \u201eKunstspectaculum\u201c wird zum neunten Mal von der Lokalen Agenda 21 Gie\u00dfen ausgerichtet. \u00dcber 120 K\u00fcnstler beteiligen sich.<\/p>\n<p><a href=\"http:\/\/www.drahtige-figuren.de\/wp-content\/uploads\/2014\/05\/flair.gif\"><img loading=\"lazy\" decoding=\"async\" class=\"alignnone size-full wp-image-169\" src=\"http:\/\/www.drahtige-figuren.de\/wp-content\/uploads\/2014\/05\/flair.gif\" alt=\"flair\" width=\"861\" height=\"182\" \/><\/a><\/p>\n<p><!--more--><\/p>\n<h1>Drahtige Figuren bei Fluss mit Flair<\/h1>\n<p>Diesmal ist das Motto \u201eunverbl\u00fcmt\u201c. Schauplatz ist von 11 bis 19 Uhr das Quartier an der Wieseck mit L\u00f6ber-, Lony-, Bismarck- und Goethestra\u00dfe. Die Projektleiter Karl-Heinz Funck und J\u00fcrgen S\u00f6hngen betonen: \u201eDas Kunstspectaculum an der Wieseck ist kein gewerblich orientierter Kunstmarkt!\u201c Der Schwerpunkt liege auf dem Produzieren und Ausstellen von Kunstwerken umrahmt von Musik und Kleinkunst-Darbietungen wie Stra\u00dfentheater, Tanz, Performance und Gesang. Musik gibt es f\u00fcr jeden Geschmack, Speisen und Getr\u00e4nke auch.<\/p>\n<p>Mein Stand ist in der Lyonstra\u00dfe unweit der Bleichstra\u00dfe.<\/p>\n<p><a href=\"http:\/\/www.drahtige-figuren.de\/wp-content\/uploads\/2014\/05\/plan.gif\"><img loading=\"lazy\" decoding=\"async\" class=\"alignnone size-full wp-image-170\" src=\"http:\/\/www.drahtige-figuren.de\/wp-content\/uploads\/2014\/05\/plan.gif\" alt=\"plan\" width=\"621\" height=\"567\" \/><\/a><\/p>\n<p>Weitere Informationen zu Fluss mit Flair gibt es <a href=\"http:\/\/www.flussmitflair.de\" target=\"blank\">hier<\/a><br \/>\nDas Programm f\u00fcr Sonntag, 29. Juni 2014, ist <a href=\"http:\/\/www.flussmitflair.de\/FLyer.html\" target=\"blank\">hier<\/a><\/p>\n<div class=\"twoclick_social_bookmarks_post_168 social_share_privacy clearfix 1.6.4 locale-de_DE sprite-de_DE\"><\/div><div class=\"twoclick-js\"><script type=\"text\/javascript\">\/* <![CDATA[ *\/\njQuery(document).ready(function($){if($('.twoclick_social_bookmarks_post_168')){$('.twoclick_social_bookmarks_post_168').socialSharePrivacy({\"services\":{\"facebook\":{\"status\":\"on\",\"txt_info\":\"2 Klicks f\\u00fcr mehr Datenschutz: Erst wenn Sie hier klicken, wird der Button aktiv und Sie k\\u00f6nnen Ihre Empfehlung an Facebook senden. Schon beim Aktivieren werden Daten an Dritte \\u00fcbertragen - siehe <em>i<\\\/em>.\",\"perma_option\":\"off\",\"action\":\"recommend\",\"language\":\"de_DE\"},\"twitter\":{\"reply_to\":\"\",\"tweet_text\":\"Drahtige%20Figuren%20bei%20Fluss%20mit%20Flair%20%C2%BB%20\",\"status\":\"on\",\"txt_info\":\"2 Klicks f\\u00fcr mehr Datenschutz: Erst wenn Sie hier klicken, wird der Button aktiv und Sie k\\u00f6nnen Ihre Empfehlung an Twitter senden. Schon beim Aktivieren werden Daten an Dritte \\u00fcbertragen - siehe <em>i<\\\/em>.\",\"perma_option\":\"off\",\"language\":\"de\",\"referrer_track\":\"\"},\"gplus\":{\"status\":\"on\",\"txt_info\":\"2 Klicks f\\u00fcr mehr Datenschutz: Erst wenn Sie hier klicken, wird der Button aktiv und Sie k\\u00f6nnen Ihre Empfehlung an Google+ senden. Schon beim Aktivieren werden Daten an Dritte \\u00fcbertragen - siehe <em>i<\\\/em>.\",\"perma_option\":\"off\",\"referrer_track\":\"\"},\"flattr\":{\"uid\":\"\",\"status\":\"on\",\"the_title\":\"Drahtige%20Figuren%20bei%20Fluss%20mit%20Flair\",\"the_excerpt\":\"Meine%20Drahtigen%20Figuren%20sind%20bei%20%22Fluss%22%20mit%20Flair%20am%20Sonntag%2C%2029.%20Juni%202014%2C%C2%A0%20in%20Gie%C3%9Fen%20zu%20sehen.%20Das%20%E2%80%9EKunstspectaculum%E2%80%9C%20wird%20zum%20neunten%20Mal%20von%20der%20Lokalen%20Agenda%2021%20Gie%C3%9Fen%20ausgerichtet.%20%C3%9Cber%20120%20K%C3%BCnstler%20beteiligen%20sich.%0D%0A%0D%0A%0D%0A%0D%0A%20%28mehr%C2%A0%26hellip%3B%29\",\"txt_info\":\"2 Klicks f\\u00fcr mehr Datenschutz: Erst wenn Sie hier klicken, wird der Button aktiv und Sie k\\u00f6nnen Ihre Empfehlung an Flattr senden. Schon beim Aktivieren werden Daten an Dritte \\u00fcbertragen - siehe <em>i<\\\/em>.\",\"perma_option\":\"off\"},\"xing\":{\"status\":\"on\",\"txt_info\":\"2 Klicks f\\u00fcr mehr Datenschutz: Erst wenn Sie hier klicken, wird der Button aktiv und Sie k\\u00f6nnen Ihre Empfehlung an Xing senden. Schon beim Aktivieren werden Daten an Dritte \\u00fcbertragen - siehe <em>i<\\\/em>.\",\"perma_option\":\"off\",\"language\":\"de\",\"referrer_track\":\"\"},\"linkedin\":{\"status\":\"on\",\"txt_info\":\"2 Klicks f\\u00fcr mehr Datenschutz: Erst wenn Sie hier klicken, wird der Button aktiv und Sie k\\u00f6nnen Ihre Empfehlung an LinkedIn senden. Schon beim Aktivieren werden Daten an Dritte \\u00fcbertragen - siehe <em>i<\\\/em>.\",\"perma_option\":\"off\"}},\"txt_help\":\"Wenn Sie diese Felder durch einen Klick aktivieren, werden Informationen an Facebook, Twitter, Flattr, Xing, t3n, LinkedIn, Pinterest oder Google eventuell ins Ausland \\u00fcbertragen und unter Umst\\u00e4nden auch dort gespeichert. N\\u00e4heres erfahren Sie durch einen Klick auf das <em>i<\\\/em>.\",\"settings_perma\":\"Dauerhaft aktivieren und Daten\\u00fcber-tragung zustimmen:\",\"info_link\":\"http:\\\/\\\/www.heise.de\\\/ct\\\/artikel\\\/2-Klicks-fuer-mehr-Datenschutz-1333879.html\",\"uri\":\"https:\\\/\\\/www.drahtige-figuren.de\\\/?p=168\",\"post_id\":168,\"post_title_referrer_track\":\"Drahtige+Figuren+bei+Fluss+mit+Flair\",\"display_infobox\":\"on\"});}});\n\/* ]]> *\/<\/script><\/div>","protected":false},"excerpt":{"rendered":"<p>Meine Drahtigen Figuren sind bei &#8222;Fluss&#8220; mit Flair am Sonntag, 29. Juni 2014,\u00a0 in Gie\u00dfen zu sehen. Das \u201eKunstspectaculum\u201c wird zum neunten Mal von der Lokalen Agenda 21 Gie\u00dfen ausgerichtet. \u00dcber 120 K\u00fcnstler beteiligen sich.<\/p>\n","protected":false},"author":1,"featured_media":0,"comment_status":"open","ping_status":"open","sticky":false,"template":"","format":"standard","meta":{"_jetpack_memberships_contains_paid_content":false,"footnotes":""},"categories":[1],"tags":[],"class_list":["post-168","post","type-post","status-publish","format-standard","hentry","category-allgemein"],"yoast_head":"<!-- This site is optimized with the Yoast SEO plugin v27.0 - https:\/\/yoast.com\/product\/yoast-seo-wordpress\/ -->\n<title>Drahtige Figuren bei Fluss mit Flair -<\/title>\n<meta name=\"description\" content=\"Drahtige Figuren sind bei &quot;Fluss&quot; mit Flair am Sonntag, 29. Juni 2014, in Gie\u00dfen zu sehen. \u00dcber 120 K\u00fcnstler beteiligen sich an dem \u201eKunstspectaculum\u201c.\" \/>\n<meta name=\"robots\" content=\"index, follow, max-snippet:-1, max-image-preview:large, max-video-preview:-1\" \/>\n<link rel=\"canonical\" href=\"https:\/\/www.drahtige-figuren.de\/?p=168\" \/>\n<meta name=\"twitter:label1\" content=\"Verfasst von\" \/>\n\t<meta name=\"twitter:data1\" content=\"harpo\" \/>\n\t<meta name=\"twitter:label2\" content=\"Gesch\u00e4tzte Lesezeit\" \/>\n\t<meta name=\"twitter:data2\" content=\"1\u00a0Minute\" \/>\n<script type=\"application\/ld+json\" class=\"yoast-schema-graph\">{\"@context\":\"https:\/\/schema.org\",\"@graph\":[{\"@type\":\"Article\",\"@id\":\"https:\/\/www.drahtige-figuren.de\/?p=168#article\",\"isPartOf\":{\"@id\":\"https:\/\/www.drahtige-figuren.de\/?p=168\"},\"author\":{\"name\":\"harpo\",\"@id\":\"https:\/\/www.drahtige-figuren.de\/#\/schema\/person\/d87d595b1fb89d1ad3b6ecc96af40510\"},\"headline\":\"Drahtige Figuren bei Fluss mit Flair\",\"datePublished\":\"2014-05-21T18:02:39+00:00\",\"dateModified\":\"2014-05-22T10:14:34+00:00\",\"mainEntityOfPage\":{\"@id\":\"https:\/\/www.drahtige-figuren.de\/?p=168\"},\"wordCount\":152,\"commentCount\":0,\"image\":{\"@id\":\"https:\/\/www.drahtige-figuren.de\/?p=168#primaryimage\"},\"thumbnailUrl\":\"http:\/\/www.drahtige-figuren.de\/wp-content\/uploads\/2014\/05\/flair.gif\",\"inLanguage\":\"de\",\"potentialAction\":[{\"@type\":\"CommentAction\",\"name\":\"Comment\",\"target\":[\"https:\/\/www.drahtige-figuren.de\/?p=168#respond\"]}]},{\"@type\":\"WebPage\",\"@id\":\"https:\/\/www.drahtige-figuren.de\/?p=168\",\"url\":\"https:\/\/www.drahtige-figuren.de\/?p=168\",\"name\":\"Drahtige Figuren bei Fluss mit Flair -\",\"isPartOf\":{\"@id\":\"https:\/\/www.drahtige-figuren.de\/#website\"},\"primaryImageOfPage\":{\"@id\":\"https:\/\/www.drahtige-figuren.de\/?p=168#primaryimage\"},\"image\":{\"@id\":\"https:\/\/www.drahtige-figuren.de\/?p=168#primaryimage\"},\"thumbnailUrl\":\"http:\/\/www.drahtige-figuren.de\/wp-content\/uploads\/2014\/05\/flair.gif\",\"datePublished\":\"2014-05-21T18:02:39+00:00\",\"dateModified\":\"2014-05-22T10:14:34+00:00\",\"author\":{\"@id\":\"https:\/\/www.drahtige-figuren.de\/#\/schema\/person\/d87d595b1fb89d1ad3b6ecc96af40510\"},\"description\":\"Drahtige Figuren sind bei \\\"Fluss\\\" mit Flair am Sonntag, 29. Juni 2014, in Gie\u00dfen zu sehen. \u00dcber 120 K\u00fcnstler beteiligen sich an dem \u201eKunstspectaculum\u201c.\",\"breadcrumb\":{\"@id\":\"https:\/\/www.drahtige-figuren.de\/?p=168#breadcrumb\"},\"inLanguage\":\"de\",\"potentialAction\":[{\"@type\":\"ReadAction\",\"target\":[\"https:\/\/www.drahtige-figuren.de\/?p=168\"]}]},{\"@type\":\"ImageObject\",\"inLanguage\":\"de\",\"@id\":\"https:\/\/www.drahtige-figuren.de\/?p=168#primaryimage\",\"url\":\"https:\/\/www.drahtige-figuren.de\/wp-content\/uploads\/2014\/05\/flair.gif\",\"contentUrl\":\"https:\/\/www.drahtige-figuren.de\/wp-content\/uploads\/2014\/05\/flair.gif\",\"width\":861,\"height\":182},{\"@type\":\"BreadcrumbList\",\"@id\":\"https:\/\/www.drahtige-figuren.de\/?p=168#breadcrumb\",\"itemListElement\":[{\"@type\":\"ListItem\",\"position\":1,\"name\":\"Home\",\"item\":\"https:\/\/www.drahtige-figuren.de\/\"},{\"@type\":\"ListItem\",\"position\":2,\"name\":\"Drahtige Figuren bei Fluss mit Flair\"}]},{\"@type\":\"WebSite\",\"@id\":\"https:\/\/www.drahtige-figuren.de\/#website\",\"url\":\"https:\/\/www.drahtige-figuren.de\/\",\"name\":\"\",\"description\":\"\",\"potentialAction\":[{\"@type\":\"SearchAction\",\"target\":{\"@type\":\"EntryPoint\",\"urlTemplate\":\"https:\/\/www.drahtige-figuren.de\/?s={search_term_string}\"},\"query-input\":{\"@type\":\"PropertyValueSpecification\",\"valueRequired\":true,\"valueName\":\"search_term_string\"}}],\"inLanguage\":\"de\"},{\"@type\":\"Person\",\"@id\":\"https:\/\/www.drahtige-figuren.de\/#\/schema\/person\/d87d595b1fb89d1ad3b6ecc96af40510\",\"name\":\"harpo\",\"image\":{\"@type\":\"ImageObject\",\"inLanguage\":\"de\",\"@id\":\"https:\/\/www.drahtige-figuren.de\/#\/schema\/person\/image\/\",\"url\":\"https:\/\/secure.gravatar.com\/avatar\/198bcecc77c146e5ea8d4540d99560b4b486a090b927ff654b2c125224d88117?s=96&d=mm&r=g\",\"contentUrl\":\"https:\/\/secure.gravatar.com\/avatar\/198bcecc77c146e5ea8d4540d99560b4b486a090b927ff654b2c125224d88117?s=96&d=mm&r=g\",\"caption\":\"harpo\"},\"url\":\"https:\/\/www.drahtige-figuren.de\/?author=1\"}]}<\/script>\n<!-- \/ Yoast SEO plugin. -->","yoast_head_json":{"title":"Drahtige Figuren bei Fluss mit Flair -","description":"Drahtige Figuren sind bei \"Fluss\" mit Flair am Sonntag, 29. Juni 2014, in Gie\u00dfen zu sehen. \u00dcber 120 K\u00fcnstler beteiligen sich an dem \u201eKunstspectaculum\u201c.","robots":{"index":"index","follow":"follow","max-snippet":"max-snippet:-1","max-image-preview":"max-image-preview:large","max-video-preview":"max-video-preview:-1"},"canonical":"https:\/\/www.drahtige-figuren.de\/?p=168","twitter_misc":{"Verfasst von":"harpo","Gesch\u00e4tzte Lesezeit":"1\u00a0Minute"},"schema":{"@context":"https:\/\/schema.org","@graph":[{"@type":"Article","@id":"https:\/\/www.drahtige-figuren.de\/?p=168#article","isPartOf":{"@id":"https:\/\/www.drahtige-figuren.de\/?p=168"},"author":{"name":"harpo","@id":"https:\/\/www.drahtige-figuren.de\/#\/schema\/person\/d87d595b1fb89d1ad3b6ecc96af40510"},"headline":"Drahtige Figuren bei Fluss mit Flair","datePublished":"2014-05-21T18:02:39+00:00","dateModified":"2014-05-22T10:14:34+00:00","mainEntityOfPage":{"@id":"https:\/\/www.drahtige-figuren.de\/?p=168"},"wordCount":152,"commentCount":0,"image":{"@id":"https:\/\/www.drahtige-figuren.de\/?p=168#primaryimage"},"thumbnailUrl":"http:\/\/www.drahtige-figuren.de\/wp-content\/uploads\/2014\/05\/flair.gif","inLanguage":"de","potentialAction":[{"@type":"CommentAction","name":"Comment","target":["https:\/\/www.drahtige-figuren.de\/?p=168#respond"]}]},{"@type":"WebPage","@id":"https:\/\/www.drahtige-figuren.de\/?p=168","url":"https:\/\/www.drahtige-figuren.de\/?p=168","name":"Drahtige Figuren bei Fluss mit Flair -","isPartOf":{"@id":"https:\/\/www.drahtige-figuren.de\/#website"},"primaryImageOfPage":{"@id":"https:\/\/www.drahtige-figuren.de\/?p=168#primaryimage"},"image":{"@id":"https:\/\/www.drahtige-figuren.de\/?p=168#primaryimage"},"thumbnailUrl":"http:\/\/www.drahtige-figuren.de\/wp-content\/uploads\/2014\/05\/flair.gif","datePublished":"2014-05-21T18:02:39+00:00","dateModified":"2014-05-22T10:14:34+00:00","author":{"@id":"https:\/\/www.drahtige-figuren.de\/#\/schema\/person\/d87d595b1fb89d1ad3b6ecc96af40510"},"description":"Drahtige Figuren sind bei \"Fluss\" mit Flair am Sonntag, 29. Juni 2014, in Gie\u00dfen zu sehen. \u00dcber 120 K\u00fcnstler beteiligen sich an dem \u201eKunstspectaculum\u201c.","breadcrumb":{"@id":"https:\/\/www.drahtige-figuren.de\/?p=168#breadcrumb"},"inLanguage":"de","potentialAction":[{"@type":"ReadAction","target":["https:\/\/www.drahtige-figuren.de\/?p=168"]}]},{"@type":"ImageObject","inLanguage":"de","@id":"https:\/\/www.drahtige-figuren.de\/?p=168#primaryimage","url":"https:\/\/www.drahtige-figuren.de\/wp-content\/uploads\/2014\/05\/flair.gif","contentUrl":"https:\/\/www.drahtige-figuren.de\/wp-content\/uploads\/2014\/05\/flair.gif","width":861,"height":182},{"@type":"BreadcrumbList","@id":"https:\/\/www.drahtige-figuren.de\/?p=168#breadcrumb","itemListElement":[{"@type":"ListItem","position":1,"name":"Home","item":"https:\/\/www.drahtige-figuren.de\/"},{"@type":"ListItem","position":2,"name":"Drahtige Figuren bei Fluss mit Flair"}]},{"@type":"WebSite","@id":"https:\/\/www.drahtige-figuren.de\/#website","url":"https:\/\/www.drahtige-figuren.de\/","name":"","description":"","potentialAction":[{"@type":"SearchAction","target":{"@type":"EntryPoint","urlTemplate":"https:\/\/www.drahtige-figuren.de\/?s={search_term_string}"},"query-input":{"@type":"PropertyValueSpecification","valueRequired":true,"valueName":"search_term_string"}}],"inLanguage":"de"},{"@type":"Person","@id":"https:\/\/www.drahtige-figuren.de\/#\/schema\/person\/d87d595b1fb89d1ad3b6ecc96af40510","name":"harpo","image":{"@type":"ImageObject","inLanguage":"de","@id":"https:\/\/www.drahtige-figuren.de\/#\/schema\/person\/image\/","url":"https:\/\/secure.gravatar.com\/avatar\/198bcecc77c146e5ea8d4540d99560b4b486a090b927ff654b2c125224d88117?s=96&d=mm&r=g","contentUrl":"https:\/\/secure.gravatar.com\/avatar\/198bcecc77c146e5ea8d4540d99560b4b486a090b927ff654b2c125224d88117?s=96&d=mm&r=g","caption":"harpo"},"url":"https:\/\/www.drahtige-figuren.de\/?author=1"}]}},"jetpack_featured_media_url":"","jetpack_sharing_enabled":true,"_links":{"self":[{"href":"https:\/\/www.drahtige-figuren.de\/index.php?rest_route=\/wp\/v2\/posts\/168","targetHints":{"allow":["GET"]}}],"collection":[{"href":"https:\/\/www.drahtige-figuren.de\/index.php?rest_route=\/wp\/v2\/posts"}],"about":[{"href":"https:\/\/www.drahtige-figuren.de\/index.php?rest_route=\/wp\/v2\/types\/post"}],"author":[{"embeddable":true,"href":"https:\/\/www.drahtige-figuren.de\/index.php?rest_route=\/wp\/v2\/users\/1"}],"replies":[{"embeddable":true,"href":"https:\/\/www.drahtige-figuren.de\/index.php?rest_route=%2Fwp%2Fv2%2Fcomments&post=168"}],"version-history":[{"count":4,"href":"https:\/\/www.drahtige-figuren.de\/index.php?rest_route=\/wp\/v2\/posts\/168\/revisions"}],"predecessor-version":[{"id":174,"href":"https:\/\/www.drahtige-figuren.de\/index.php?rest_route=\/wp\/v2\/posts\/168\/revisions\/174"}],"wp:attachment":[{"href":"https:\/\/www.drahtige-figuren.de\/index.php?rest_route=%2Fwp%2Fv2%2Fmedia&parent=168"}],"wp:term":[{"taxonomy":"category","embeddable":true,"href":"https:\/\/www.drahtige-figuren.de\/index.php?rest_route=%2Fwp%2Fv2%2Fcategories&post=168"},{"taxonomy":"post_tag","embeddable":true,"href":"https:\/\/www.drahtige-figuren.de\/index.php?rest_route=%2Fwp%2Fv2%2Ftags&post=168"}],"curies":[{"name":"wp","href":"https:\/\/api.w.org\/{rel}","templated":true}]}}