{"id":200,"date":"2014-09-15T20:28:43","date_gmt":"2014-09-15T18:28:43","guid":{"rendered":"http:\/\/www.drahtige-figuren.de\/?p=200"},"modified":"2014-09-15T20:43:57","modified_gmt":"2014-09-15T18:43:57","slug":"grosse-resonanz-bei-kunst-licher-scheunen","status":"publish","type":"post","link":"https:\/\/www.drahtige-figuren.de\/?p=200","title":{"rendered":"Gro\u00dfe Resonanz bei Kunst in Licher Scheunen"},"content":{"rendered":"<p>Kunst in Licher Scheunen am 13. und 14. September 2014 war eine wunderbare Ausstellung. Eine sch\u00f6ne Atmosph\u00e4re gepaart mit einem fachkundigen Publikum &#8211; was will man mehr. Die Scheune der Familie D\u00f6rmer war ein hervorragender Ort, um meine Figuren zu pr\u00e4sentieren. Polsterer D\u00f6rmer f\u00fchrte in seine Werkstatt und demonstrierte sein Handwerk. Eine sch\u00f6ne Erg\u00e4nzung, der ich mit einer Figur Ausdruck verliehen habe.<\/p>\n<div style=\"width: 584px;\" class=\"wp-video\"><video class=\"wp-video-shortcode\" id=\"video-200-1\" width=\"584\" height=\"389\" preload=\"metadata\" controls=\"controls\"><source type=\"video\/x-flv\" src=\"http:\/\/www.drahtige-figuren.de\/wp-content\/uploads\/2014\/09\/Lich.flv?_=1\" \/><a href=\"http:\/\/www.drahtige-figuren.de\/wp-content\/uploads\/2014\/09\/Lich.flv\">http:\/\/www.drahtige-figuren.de\/wp-content\/uploads\/2014\/09\/Lich.flv<\/a><\/video><\/div>\n<h3>Gro\u00dfe Resonanz bei Kunst in Licher Scheunen<\/h3>\n<div class=\"twoclick_social_bookmarks_post_200 social_share_privacy clearfix 1.6.4 locale-de_DE sprite-de_DE\"><\/div><div class=\"twoclick-js\"><script type=\"text\/javascript\">\/* <![CDATA[ *\/\njQuery(document).ready(function($){if($('.twoclick_social_bookmarks_post_200')){$('.twoclick_social_bookmarks_post_200').socialSharePrivacy({\"services\":{\"facebook\":{\"status\":\"on\",\"txt_info\":\"2 Klicks f\\u00fcr mehr Datenschutz: Erst wenn Sie hier klicken, wird der Button aktiv und Sie k\\u00f6nnen Ihre Empfehlung an Facebook senden. Schon beim Aktivieren werden Daten an Dritte \\u00fcbertragen - siehe <em>i<\\\/em>.\",\"perma_option\":\"off\",\"action\":\"recommend\",\"language\":\"de_DE\"},\"twitter\":{\"reply_to\":\"\",\"tweet_text\":\"Gro%C3%9Fe%20Resonanz%20bei%20Kunst%20in%20Licher%20Scheunen%20%C2%BB%20\",\"status\":\"on\",\"txt_info\":\"2 Klicks f\\u00fcr mehr Datenschutz: Erst wenn Sie hier klicken, wird der Button aktiv und Sie k\\u00f6nnen Ihre Empfehlung an Twitter senden. Schon beim Aktivieren werden Daten an Dritte \\u00fcbertragen - siehe <em>i<\\\/em>.\",\"perma_option\":\"off\",\"language\":\"de\",\"referrer_track\":\"\"},\"gplus\":{\"status\":\"on\",\"txt_info\":\"2 Klicks f\\u00fcr mehr Datenschutz: Erst wenn Sie hier klicken, wird der Button aktiv und Sie k\\u00f6nnen Ihre Empfehlung an Google+ senden. Schon beim Aktivieren werden Daten an Dritte \\u00fcbertragen - siehe <em>i<\\\/em>.\",\"perma_option\":\"off\",\"referrer_track\":\"\"},\"flattr\":{\"uid\":\"\",\"status\":\"on\",\"the_title\":\"Gro%C3%9Fe%20Resonanz%20bei%20Kunst%20in%20Licher%20Scheunen\",\"the_excerpt\":\"Kunst%20in%20Licher%20Scheunen%20am%2013.%20und%2014.%20September%202014%20war%20eine%20wunderbare%20Ausstellung.%20Eine%20sch%C3%B6ne%20Atmosph%C3%A4re%20gepaart%20mit%20einem%20fachkundigen%20Publikum%20-%20was%20will%20man%20mehr.%20Die%20Scheune%20der%20Familie%20D%C3%B6rmer%20war%20ein%20hervorragender%20Ort%2C%20um%20meine%20Figuren%20zu%20pr%C3%A4sentieren.%20Polsterer%20D%C3%B6rmer%20f%C3%BChrte%20in%20seine%20Werkstatt%20und%20demonstrierte%20sein%20Handwerk.%20Eine%20sch%C3%B6ne%20Erg%C3%A4nzung%2C%20der%20ich%20mit%20einer%20Figur%20Ausdruck%20...\",\"txt_info\":\"2 Klicks f\\u00fcr mehr Datenschutz: Erst wenn Sie hier klicken, wird der Button aktiv und Sie k\\u00f6nnen Ihre Empfehlung an Flattr senden. Schon beim Aktivieren werden Daten an Dritte \\u00fcbertragen - siehe <em>i<\\\/em>.\",\"perma_option\":\"off\"},\"xing\":{\"status\":\"on\",\"txt_info\":\"2 Klicks f\\u00fcr mehr Datenschutz: Erst wenn Sie hier klicken, wird der Button aktiv und Sie k\\u00f6nnen Ihre Empfehlung an Xing senden. Schon beim Aktivieren werden Daten an Dritte \\u00fcbertragen - siehe <em>i<\\\/em>.\",\"perma_option\":\"off\",\"language\":\"de\",\"referrer_track\":\"\"},\"linkedin\":{\"status\":\"on\",\"txt_info\":\"2 Klicks f\\u00fcr mehr Datenschutz: Erst wenn Sie hier klicken, wird der Button aktiv und Sie k\\u00f6nnen Ihre Empfehlung an LinkedIn senden. Schon beim Aktivieren werden Daten an Dritte \\u00fcbertragen - siehe <em>i<\\\/em>.\",\"perma_option\":\"off\"}},\"txt_help\":\"Wenn Sie diese Felder durch einen Klick aktivieren, werden Informationen an Facebook, Twitter, Flattr, Xing, t3n, LinkedIn, Pinterest oder Google eventuell ins Ausland \\u00fcbertragen und unter Umst\\u00e4nden auch dort gespeichert. N\\u00e4heres erfahren Sie durch einen Klick auf das <em>i<\\\/em>.\",\"settings_perma\":\"Dauerhaft aktivieren und Daten\\u00fcber-tragung zustimmen:\",\"info_link\":\"http:\\\/\\\/www.heise.de\\\/ct\\\/artikel\\\/2-Klicks-fuer-mehr-Datenschutz-1333879.html\",\"uri\":\"https:\\\/\\\/www.drahtige-figuren.de\\\/?p=200\",\"post_id\":200,\"post_title_referrer_track\":\"Gro%C3%9Fe+Resonanz+bei+Kunst+in+Licher+Scheunen\",\"display_infobox\":\"on\"});}});\n\/* ]]> *\/<\/script><\/div>","protected":false},"excerpt":{"rendered":"<p>Kunst in Licher Scheunen am 13. und 14. September 2014 war eine wunderbare Ausstellung. Eine sch\u00f6ne Atmosph\u00e4re gepaart mit einem fachkundigen Publikum &#8211; was will man mehr. Die Scheune der Familie D\u00f6rmer war ein hervorragender Ort, um meine Figuren zu &hellip; <a href=\"https:\/\/www.drahtige-figuren.de\/?p=200\">Weiterlesen <span class=\"meta-nav\">&rarr;<\/span><\/a><\/p>\n","protected":false},"author":1,"featured_media":0,"comment_status":"open","ping_status":"open","sticky":false,"template":"","format":"standard","meta":{"_jetpack_memberships_contains_paid_content":false,"footnotes":""},"categories":[1],"tags":[],"class_list":["post-200","post","type-post","status-publish","format-standard","hentry","category-allgemein"],"yoast_head":"<!-- This site is optimized with the Yoast SEO plugin v27.0 - https:\/\/yoast.com\/product\/yoast-seo-wordpress\/ -->\n<title>Gro\u00dfe Resonanz bei Kunst in Licher Scheunen -<\/title>\n<meta name=\"description\" content=\"Meine drahtigen Figuren kamen bei Kunst in Licher Scheunen gut an. Gro\u00dfe Resonanz bei Kunst in Licher Scheunen.\" \/>\n<meta name=\"robots\" content=\"index, follow, max-snippet:-1, max-image-preview:large, max-video-preview:-1\" \/>\n<link rel=\"canonical\" href=\"https:\/\/www.drahtige-figuren.de\/?p=200\" \/>\n<meta name=\"twitter:label1\" content=\"Verfasst von\" \/>\n\t<meta name=\"twitter:data1\" content=\"harpo\" \/>\n<script type=\"application\/ld+json\" class=\"yoast-schema-graph\">{\"@context\":\"https:\/\/schema.org\",\"@graph\":[{\"@type\":\"Article\",\"@id\":\"https:\/\/www.drahtige-figuren.de\/?p=200#article\",\"isPartOf\":{\"@id\":\"https:\/\/www.drahtige-figuren.de\/?p=200\"},\"author\":{\"name\":\"harpo\",\"@id\":\"https:\/\/www.drahtige-figuren.de\/#\/schema\/person\/d87d595b1fb89d1ad3b6ecc96af40510\"},\"headline\":\"Gro\u00dfe Resonanz bei Kunst in Licher Scheunen\",\"datePublished\":\"2014-09-15T18:28:43+00:00\",\"dateModified\":\"2014-09-15T18:43:57+00:00\",\"mainEntityOfPage\":{\"@id\":\"https:\/\/www.drahtige-figuren.de\/?p=200\"},\"wordCount\":96,\"commentCount\":0,\"inLanguage\":\"de\",\"potentialAction\":[{\"@type\":\"CommentAction\",\"name\":\"Comment\",\"target\":[\"https:\/\/www.drahtige-figuren.de\/?p=200#respond\"]}]},{\"@type\":\"WebPage\",\"@id\":\"https:\/\/www.drahtige-figuren.de\/?p=200\",\"url\":\"https:\/\/www.drahtige-figuren.de\/?p=200\",\"name\":\"Gro\u00dfe Resonanz bei Kunst in Licher Scheunen -\",\"isPartOf\":{\"@id\":\"https:\/\/www.drahtige-figuren.de\/#website\"},\"datePublished\":\"2014-09-15T18:28:43+00:00\",\"dateModified\":\"2014-09-15T18:43:57+00:00\",\"author\":{\"@id\":\"https:\/\/www.drahtige-figuren.de\/#\/schema\/person\/d87d595b1fb89d1ad3b6ecc96af40510\"},\"description\":\"Meine drahtigen Figuren kamen bei Kunst in Licher Scheunen gut an. Gro\u00dfe Resonanz bei Kunst in Licher Scheunen.\",\"breadcrumb\":{\"@id\":\"https:\/\/www.drahtige-figuren.de\/?p=200#breadcrumb\"},\"inLanguage\":\"de\",\"potentialAction\":[{\"@type\":\"ReadAction\",\"target\":[\"https:\/\/www.drahtige-figuren.de\/?p=200\"]}]},{\"@type\":\"BreadcrumbList\",\"@id\":\"https:\/\/www.drahtige-figuren.de\/?p=200#breadcrumb\",\"itemListElement\":[{\"@type\":\"ListItem\",\"position\":1,\"name\":\"Home\",\"item\":\"https:\/\/www.drahtige-figuren.de\/\"},{\"@type\":\"ListItem\",\"position\":2,\"name\":\"Gro\u00dfe Resonanz bei Kunst in Licher Scheunen\"}]},{\"@type\":\"WebSite\",\"@id\":\"https:\/\/www.drahtige-figuren.de\/#website\",\"url\":\"https:\/\/www.drahtige-figuren.de\/\",\"name\":\"\",\"description\":\"\",\"potentialAction\":[{\"@type\":\"SearchAction\",\"target\":{\"@type\":\"EntryPoint\",\"urlTemplate\":\"https:\/\/www.drahtige-figuren.de\/?s={search_term_string}\"},\"query-input\":{\"@type\":\"PropertyValueSpecification\",\"valueRequired\":true,\"valueName\":\"search_term_string\"}}],\"inLanguage\":\"de\"},{\"@type\":\"Person\",\"@id\":\"https:\/\/www.drahtige-figuren.de\/#\/schema\/person\/d87d595b1fb89d1ad3b6ecc96af40510\",\"name\":\"harpo\",\"image\":{\"@type\":\"ImageObject\",\"inLanguage\":\"de\",\"@id\":\"https:\/\/www.drahtige-figuren.de\/#\/schema\/person\/image\/\",\"url\":\"https:\/\/secure.gravatar.com\/avatar\/198bcecc77c146e5ea8d4540d99560b4b486a090b927ff654b2c125224d88117?s=96&d=mm&r=g\",\"contentUrl\":\"https:\/\/secure.gravatar.com\/avatar\/198bcecc77c146e5ea8d4540d99560b4b486a090b927ff654b2c125224d88117?s=96&d=mm&r=g\",\"caption\":\"harpo\"},\"url\":\"https:\/\/www.drahtige-figuren.de\/?author=1\"}]}<\/script>\n<!-- \/ Yoast SEO plugin. -->","yoast_head_json":{"title":"Gro\u00dfe Resonanz bei Kunst in Licher Scheunen -","description":"Meine drahtigen Figuren kamen bei Kunst in Licher Scheunen gut an. Gro\u00dfe Resonanz bei Kunst in Licher Scheunen.","robots":{"index":"index","follow":"follow","max-snippet":"max-snippet:-1","max-image-preview":"max-image-preview:large","max-video-preview":"max-video-preview:-1"},"canonical":"https:\/\/www.drahtige-figuren.de\/?p=200","twitter_misc":{"Verfasst von":"harpo"},"schema":{"@context":"https:\/\/schema.org","@graph":[{"@type":"Article","@id":"https:\/\/www.drahtige-figuren.de\/?p=200#article","isPartOf":{"@id":"https:\/\/www.drahtige-figuren.de\/?p=200"},"author":{"name":"harpo","@id":"https:\/\/www.drahtige-figuren.de\/#\/schema\/person\/d87d595b1fb89d1ad3b6ecc96af40510"},"headline":"Gro\u00dfe Resonanz bei Kunst in Licher Scheunen","datePublished":"2014-09-15T18:28:43+00:00","dateModified":"2014-09-15T18:43:57+00:00","mainEntityOfPage":{"@id":"https:\/\/www.drahtige-figuren.de\/?p=200"},"wordCount":96,"commentCount":0,"inLanguage":"de","potentialAction":[{"@type":"CommentAction","name":"Comment","target":["https:\/\/www.drahtige-figuren.de\/?p=200#respond"]}]},{"@type":"WebPage","@id":"https:\/\/www.drahtige-figuren.de\/?p=200","url":"https:\/\/www.drahtige-figuren.de\/?p=200","name":"Gro\u00dfe Resonanz bei Kunst in Licher Scheunen -","isPartOf":{"@id":"https:\/\/www.drahtige-figuren.de\/#website"},"datePublished":"2014-09-15T18:28:43+00:00","dateModified":"2014-09-15T18:43:57+00:00","author":{"@id":"https:\/\/www.drahtige-figuren.de\/#\/schema\/person\/d87d595b1fb89d1ad3b6ecc96af40510"},"description":"Meine drahtigen Figuren kamen bei Kunst in Licher Scheunen gut an. Gro\u00dfe Resonanz bei Kunst in Licher Scheunen.","breadcrumb":{"@id":"https:\/\/www.drahtige-figuren.de\/?p=200#breadcrumb"},"inLanguage":"de","potentialAction":[{"@type":"ReadAction","target":["https:\/\/www.drahtige-figuren.de\/?p=200"]}]},{"@type":"BreadcrumbList","@id":"https:\/\/www.drahtige-figuren.de\/?p=200#breadcrumb","itemListElement":[{"@type":"ListItem","position":1,"name":"Home","item":"https:\/\/www.drahtige-figuren.de\/"},{"@type":"ListItem","position":2,"name":"Gro\u00dfe Resonanz bei Kunst in Licher Scheunen"}]},{"@type":"WebSite","@id":"https:\/\/www.drahtige-figuren.de\/#website","url":"https:\/\/www.drahtige-figuren.de\/","name":"","description":"","potentialAction":[{"@type":"SearchAction","target":{"@type":"EntryPoint","urlTemplate":"https:\/\/www.drahtige-figuren.de\/?s={search_term_string}"},"query-input":{"@type":"PropertyValueSpecification","valueRequired":true,"valueName":"search_term_string"}}],"inLanguage":"de"},{"@type":"Person","@id":"https:\/\/www.drahtige-figuren.de\/#\/schema\/person\/d87d595b1fb89d1ad3b6ecc96af40510","name":"harpo","image":{"@type":"ImageObject","inLanguage":"de","@id":"https:\/\/www.drahtige-figuren.de\/#\/schema\/person\/image\/","url":"https:\/\/secure.gravatar.com\/avatar\/198bcecc77c146e5ea8d4540d99560b4b486a090b927ff654b2c125224d88117?s=96&d=mm&r=g","contentUrl":"https:\/\/secure.gravatar.com\/avatar\/198bcecc77c146e5ea8d4540d99560b4b486a090b927ff654b2c125224d88117?s=96&d=mm&r=g","caption":"harpo"},"url":"https:\/\/www.drahtige-figuren.de\/?author=1"}]}},"jetpack_featured_media_url":"","jetpack_sharing_enabled":true,"_links":{"self":[{"href":"https:\/\/www.drahtige-figuren.de\/index.php?rest_route=\/wp\/v2\/posts\/200","targetHints":{"allow":["GET"]}}],"collection":[{"href":"https:\/\/www.drahtige-figuren.de\/index.php?rest_route=\/wp\/v2\/posts"}],"about":[{"href":"https:\/\/www.drahtige-figuren.de\/index.php?rest_route=\/wp\/v2\/types\/post"}],"author":[{"embeddable":true,"href":"https:\/\/www.drahtige-figuren.de\/index.php?rest_route=\/wp\/v2\/users\/1"}],"replies":[{"embeddable":true,"href":"https:\/\/www.drahtige-figuren.de\/index.php?rest_route=%2Fwp%2Fv2%2Fcomments&post=200"}],"version-history":[{"count":3,"href":"https:\/\/www.drahtige-figuren.de\/index.php?rest_route=\/wp\/v2\/posts\/200\/revisions"}],"predecessor-version":[{"id":204,"href":"https:\/\/www.drahtige-figuren.de\/index.php?rest_route=\/wp\/v2\/posts\/200\/revisions\/204"}],"wp:attachment":[{"href":"https:\/\/www.drahtige-figuren.de\/index.php?rest_route=%2Fwp%2Fv2%2Fmedia&parent=200"}],"wp:term":[{"taxonomy":"category","embeddable":true,"href":"https:\/\/www.drahtige-figuren.de\/index.php?rest_route=%2Fwp%2Fv2%2Fcategories&post=200"},{"taxonomy":"post_tag","embeddable":true,"href":"https:\/\/www.drahtige-figuren.de\/index.php?rest_route=%2Fwp%2Fv2%2Ftags&post=200"}],"curies":[{"name":"wp","href":"https:\/\/api.w.org\/{rel}","templated":true}]}}