{"id":248,"date":"2015-07-18T15:08:24","date_gmt":"2015-07-18T13:08:24","guid":{"rendered":"http:\/\/www.drahtige-figuren.de\/?p=248"},"modified":"2015-07-18T15:09:37","modified_gmt":"2015-07-18T13:09:37","slug":"8-wickstaedter-kunstfest","status":"publish","type":"post","link":"https:\/\/www.drahtige-figuren.de\/?p=248","title":{"rendered":"8. Wickst\u00e4dter Kunstfest"},"content":{"rendered":"<h2>Die gro\u00dfe Enth\u00fcllung<\/h2>\n<h2><\/h2>\n<p><a href=\"http:\/\/www.drahtige-figuren.de\/wp-content\/uploads\/2015\/07\/wickstadt1.gif\"><img loading=\"lazy\" decoding=\"async\" class=\"  wp-image-257 alignleft\" src=\"http:\/\/www.drahtige-figuren.de\/wp-content\/uploads\/2015\/07\/wickstadt1-1024x849.gif\" alt=\"wickstadt1\" width=\"103\" height=\"87\" \/><\/a>Das sch\u00f6nste Kunstfest der Wetterau ist am Samstag, 22. August 2015 in Wickstadt. Dort pr\u00e4sentiere ich meine erste lebensgro\u00dfe Figur. Hier wird sie nach und nach enth\u00fcllt.<!--more--><\/p>\n<h2><strong>Teil des gemeinsamen Projektes<\/strong><\/h2>\n<p>Meine lebensgro\u00dfe Figur wird Teil des gemeinsamen Projektes der am Kunstfest beteiligten K\u00fcnstler sein. Ich zeige sie hier weitgehend verh\u00fcllt. Wer genau hinschaut, kann Details entdecken. In den f\u00fcnf Wochen bis zum Kunstfest werden immer mehr Details zu sehen sein. Vollst\u00e4ndig enth\u00fcllt zeige ich die Figur erstmals w\u00e4hrend des Kunstfestes.<\/p>\n<p><a href=\"http:\/\/www.drahtige-figuren.de\/wp-content\/uploads\/2015\/07\/figur.gif\"><img loading=\"lazy\" decoding=\"async\" class=\"alignright wp-image-249 \" src=\"http:\/\/www.drahtige-figuren.de\/wp-content\/uploads\/2015\/07\/figur.gif\" alt=\"figur\" width=\"605\" height=\"962\" \/><\/a><\/p>\n<h4><strong>Sch\u00f6nstes Kunstfest der Region<\/strong><\/h4>\n<p>Das malerische Hofgut Wickstadt an der Nidda zwischen Assenheim und Nieder-Florstadt ist Schauplatz des sch\u00f6nsten Kunstfestes der Region. Der 1231 erstmals urkundlich erw\u00e4hnte Ort steht als Ensemble unter Denkmalschutz. Er geh\u00f6rt dem Grafen Solms-Assenheim und ist ein landwirtschaftlicher Pachtbetrieb.<\/p>\n<p>Am Kunstfest beteiligen sich rund 30 K\u00fcnstler aus der Region.<\/p>\n<p><a href=\"http:\/\/www.drahtige-figuren.de\/wp-content\/uploads\/2015\/07\/wickstadt.gif\"><img loading=\"lazy\" decoding=\"async\" class=\"alignright size-large wp-image-256\" src=\"http:\/\/www.drahtige-figuren.de\/wp-content\/uploads\/2015\/07\/wickstadt-1024x707.gif\" alt=\"wickstadt\" width=\"584\" height=\"403\" srcset=\"https:\/\/www.drahtige-figuren.de\/wp-content\/uploads\/2015\/07\/wickstadt-1024x707.gif 1024w, https:\/\/www.drahtige-figuren.de\/wp-content\/uploads\/2015\/07\/wickstadt-300x207.gif 300w, https:\/\/www.drahtige-figuren.de\/wp-content\/uploads\/2015\/07\/wickstadt-434x300.gif 434w\" sizes=\"auto, (max-width: 584px) 100vw, 584px\" \/><\/a><\/p>\n<p>Der Film zum Kunstfest 2013:<\/p>\n<p><iframe loading=\"lazy\" title=\"7.  Wickst\u00e4dter Kunstfest\" width=\"584\" height=\"329\" src=\"https:\/\/www.youtube.com\/embed\/VZBN283pA3w?feature=oembed\" frameborder=\"0\" allow=\"accelerometer; autoplay; clipboard-write; encrypted-media; gyroscope; picture-in-picture; web-share\" referrerpolicy=\"strict-origin-when-cross-origin\" allowfullscreen><\/iframe><\/p>\n<p>Weitere Informationen:<\/p>\n<p><a href=\"http:\/\/www.wickstaedter-kunstfest.de\" target=\"_blank\">wickstaedter-kunstfest.de<\/a><\/p>\n<div class=\"twoclick_social_bookmarks_post_248 social_share_privacy clearfix 1.6.4 locale-de_DE sprite-de_DE\"><\/div><div class=\"twoclick-js\"><script type=\"text\/javascript\">\/* <![CDATA[ *\/\njQuery(document).ready(function($){if($('.twoclick_social_bookmarks_post_248')){$('.twoclick_social_bookmarks_post_248').socialSharePrivacy({\"services\":{\"facebook\":{\"status\":\"on\",\"txt_info\":\"2 Klicks f\\u00fcr mehr Datenschutz: Erst wenn Sie hier klicken, wird der Button aktiv und Sie k\\u00f6nnen Ihre Empfehlung an Facebook senden. Schon beim Aktivieren werden Daten an Dritte \\u00fcbertragen - siehe <em>i<\\\/em>.\",\"perma_option\":\"off\",\"action\":\"recommend\",\"language\":\"de_DE\"},\"twitter\":{\"reply_to\":\"\",\"tweet_text\":\"8.%20Wickst%C3%A4dter%20Kunstfest%20%C2%BB%20\",\"status\":\"on\",\"txt_info\":\"2 Klicks f\\u00fcr mehr Datenschutz: Erst wenn Sie hier klicken, wird der Button aktiv und Sie k\\u00f6nnen Ihre Empfehlung an Twitter senden. Schon beim Aktivieren werden Daten an Dritte \\u00fcbertragen - siehe <em>i<\\\/em>.\",\"perma_option\":\"off\",\"language\":\"de\",\"referrer_track\":\"\"},\"gplus\":{\"status\":\"on\",\"txt_info\":\"2 Klicks f\\u00fcr mehr Datenschutz: Erst wenn Sie hier klicken, wird der Button aktiv und Sie k\\u00f6nnen Ihre Empfehlung an Google+ senden. Schon beim Aktivieren werden Daten an Dritte \\u00fcbertragen - siehe <em>i<\\\/em>.\",\"perma_option\":\"off\",\"referrer_track\":\"\"},\"flattr\":{\"uid\":\"\",\"status\":\"on\",\"the_title\":\"8.%20Wickst%C3%A4dter%20Kunstfest\",\"the_excerpt\":\"Die%20gro%C3%9Fe%20Enth%C3%BCllung%0D%0A%0D%0ADas%20sch%C3%B6nste%20Kunstfest%20der%20Wetterau%20ist%20am%20Samstag%2C%2022.%20August%202015%20in%20Wickstadt.%20Dort%20pr%C3%A4sentiere%20ich%20meine%20erste%20lebensgro%C3%9Fe%20Figur.%20Hier%20wird%20sie%20nach%20und%20nach%20enth%C3%BCllt.%20%28mehr%C2%A0%26hellip%3B%29\",\"txt_info\":\"2 Klicks f\\u00fcr mehr Datenschutz: Erst wenn Sie hier klicken, wird der Button aktiv und Sie k\\u00f6nnen Ihre Empfehlung an Flattr senden. Schon beim Aktivieren werden Daten an Dritte \\u00fcbertragen - siehe <em>i<\\\/em>.\",\"perma_option\":\"off\"},\"xing\":{\"status\":\"on\",\"txt_info\":\"2 Klicks f\\u00fcr mehr Datenschutz: Erst wenn Sie hier klicken, wird der Button aktiv und Sie k\\u00f6nnen Ihre Empfehlung an Xing senden. Schon beim Aktivieren werden Daten an Dritte \\u00fcbertragen - siehe <em>i<\\\/em>.\",\"perma_option\":\"off\",\"language\":\"de\",\"referrer_track\":\"\"},\"linkedin\":{\"status\":\"on\",\"txt_info\":\"2 Klicks f\\u00fcr mehr Datenschutz: Erst wenn Sie hier klicken, wird der Button aktiv und Sie k\\u00f6nnen Ihre Empfehlung an LinkedIn senden. Schon beim Aktivieren werden Daten an Dritte \\u00fcbertragen - siehe <em>i<\\\/em>.\",\"perma_option\":\"off\"}},\"txt_help\":\"Wenn Sie diese Felder durch einen Klick aktivieren, werden Informationen an Facebook, Twitter, Flattr, Xing, t3n, LinkedIn, Pinterest oder Google eventuell ins Ausland \\u00fcbertragen und unter Umst\\u00e4nden auch dort gespeichert. N\\u00e4heres erfahren Sie durch einen Klick auf das <em>i<\\\/em>.\",\"settings_perma\":\"Dauerhaft aktivieren und Daten\\u00fcber-tragung zustimmen:\",\"info_link\":\"http:\\\/\\\/www.heise.de\\\/ct\\\/artikel\\\/2-Klicks-fuer-mehr-Datenschutz-1333879.html\",\"uri\":\"https:\\\/\\\/www.drahtige-figuren.de\\\/?p=248\",\"post_id\":248,\"post_title_referrer_track\":\"8.+Wickst%C3%A4dter+Kunstfest\",\"display_infobox\":\"on\"});}});\n\/* ]]> *\/<\/script><\/div>","protected":false},"excerpt":{"rendered":"<p>Die gro\u00dfe Enth\u00fcllung Das sch\u00f6nste Kunstfest der Wetterau ist am Samstag, 22. August 2015 in Wickstadt. Dort pr\u00e4sentiere ich meine erste lebensgro\u00dfe Figur. Hier wird sie nach und nach enth\u00fcllt.<\/p>\n","protected":false},"author":1,"featured_media":0,"comment_status":"open","ping_status":"open","sticky":false,"template":"","format":"standard","meta":{"_jetpack_memberships_contains_paid_content":false,"footnotes":""},"categories":[1],"tags":[],"class_list":["post-248","post","type-post","status-publish","format-standard","hentry","category-allgemein"],"yoast_head":"<!-- This site is optimized with the Yoast SEO plugin v27.0 - https:\/\/yoast.com\/product\/yoast-seo-wordpress\/ -->\n<title>8. Wickst\u00e4dter Kunstfest -<\/title>\n<meta name=\"description\" content=\"Mit ihrer ersten lebensgro\u00dfen Figur beteiligt sich die M\u00fcnzenberger K\u00fcnstlerin Ursula Rickert-Rieb am 8. Wickst\u00e4dter Kunstfest.\" \/>\n<meta name=\"robots\" content=\"index, follow, max-snippet:-1, max-image-preview:large, max-video-preview:-1\" \/>\n<link rel=\"canonical\" href=\"https:\/\/www.drahtige-figuren.de\/?p=248\" \/>\n<meta name=\"twitter:label1\" content=\"Verfasst von\" \/>\n\t<meta name=\"twitter:data1\" content=\"harpo\" \/>\n\t<meta name=\"twitter:label2\" content=\"Gesch\u00e4tzte Lesezeit\" \/>\n\t<meta name=\"twitter:data2\" content=\"1\u00a0Minute\" \/>\n<script type=\"application\/ld+json\" class=\"yoast-schema-graph\">{\"@context\":\"https:\/\/schema.org\",\"@graph\":[{\"@type\":\"Article\",\"@id\":\"https:\/\/www.drahtige-figuren.de\/?p=248#article\",\"isPartOf\":{\"@id\":\"https:\/\/www.drahtige-figuren.de\/?p=248\"},\"author\":{\"name\":\"harpo\",\"@id\":\"https:\/\/www.drahtige-figuren.de\/#\/schema\/person\/d87d595b1fb89d1ad3b6ecc96af40510\"},\"headline\":\"8. Wickst\u00e4dter Kunstfest\",\"datePublished\":\"2015-07-18T13:08:24+00:00\",\"dateModified\":\"2015-07-18T13:09:37+00:00\",\"mainEntityOfPage\":{\"@id\":\"https:\/\/www.drahtige-figuren.de\/?p=248\"},\"wordCount\":168,\"commentCount\":0,\"image\":{\"@id\":\"https:\/\/www.drahtige-figuren.de\/?p=248#primaryimage\"},\"thumbnailUrl\":\"http:\/\/www.drahtige-figuren.de\/wp-content\/uploads\/2015\/07\/wickstadt1-1024x849.gif\",\"inLanguage\":\"de\",\"potentialAction\":[{\"@type\":\"CommentAction\",\"name\":\"Comment\",\"target\":[\"https:\/\/www.drahtige-figuren.de\/?p=248#respond\"]}]},{\"@type\":\"WebPage\",\"@id\":\"https:\/\/www.drahtige-figuren.de\/?p=248\",\"url\":\"https:\/\/www.drahtige-figuren.de\/?p=248\",\"name\":\"8. Wickst\u00e4dter Kunstfest -\",\"isPartOf\":{\"@id\":\"https:\/\/www.drahtige-figuren.de\/#website\"},\"primaryImageOfPage\":{\"@id\":\"https:\/\/www.drahtige-figuren.de\/?p=248#primaryimage\"},\"image\":{\"@id\":\"https:\/\/www.drahtige-figuren.de\/?p=248#primaryimage\"},\"thumbnailUrl\":\"http:\/\/www.drahtige-figuren.de\/wp-content\/uploads\/2015\/07\/wickstadt1-1024x849.gif\",\"datePublished\":\"2015-07-18T13:08:24+00:00\",\"dateModified\":\"2015-07-18T13:09:37+00:00\",\"author\":{\"@id\":\"https:\/\/www.drahtige-figuren.de\/#\/schema\/person\/d87d595b1fb89d1ad3b6ecc96af40510\"},\"description\":\"Mit ihrer ersten lebensgro\u00dfen Figur beteiligt sich die M\u00fcnzenberger K\u00fcnstlerin Ursula Rickert-Rieb am 8. Wickst\u00e4dter Kunstfest.\",\"breadcrumb\":{\"@id\":\"https:\/\/www.drahtige-figuren.de\/?p=248#breadcrumb\"},\"inLanguage\":\"de\",\"potentialAction\":[{\"@type\":\"ReadAction\",\"target\":[\"https:\/\/www.drahtige-figuren.de\/?p=248\"]}]},{\"@type\":\"ImageObject\",\"inLanguage\":\"de\",\"@id\":\"https:\/\/www.drahtige-figuren.de\/?p=248#primaryimage\",\"url\":\"https:\/\/www.drahtige-figuren.de\/wp-content\/uploads\/2015\/07\/wickstadt1.gif\",\"contentUrl\":\"https:\/\/www.drahtige-figuren.de\/wp-content\/uploads\/2015\/07\/wickstadt1.gif\",\"width\":1242,\"height\":1030},{\"@type\":\"BreadcrumbList\",\"@id\":\"https:\/\/www.drahtige-figuren.de\/?p=248#breadcrumb\",\"itemListElement\":[{\"@type\":\"ListItem\",\"position\":1,\"name\":\"Home\",\"item\":\"https:\/\/www.drahtige-figuren.de\/\"},{\"@type\":\"ListItem\",\"position\":2,\"name\":\"8. Wickst\u00e4dter Kunstfest\"}]},{\"@type\":\"WebSite\",\"@id\":\"https:\/\/www.drahtige-figuren.de\/#website\",\"url\":\"https:\/\/www.drahtige-figuren.de\/\",\"name\":\"\",\"description\":\"\",\"potentialAction\":[{\"@type\":\"SearchAction\",\"target\":{\"@type\":\"EntryPoint\",\"urlTemplate\":\"https:\/\/www.drahtige-figuren.de\/?s={search_term_string}\"},\"query-input\":{\"@type\":\"PropertyValueSpecification\",\"valueRequired\":true,\"valueName\":\"search_term_string\"}}],\"inLanguage\":\"de\"},{\"@type\":\"Person\",\"@id\":\"https:\/\/www.drahtige-figuren.de\/#\/schema\/person\/d87d595b1fb89d1ad3b6ecc96af40510\",\"name\":\"harpo\",\"image\":{\"@type\":\"ImageObject\",\"inLanguage\":\"de\",\"@id\":\"https:\/\/www.drahtige-figuren.de\/#\/schema\/person\/image\/\",\"url\":\"https:\/\/secure.gravatar.com\/avatar\/198bcecc77c146e5ea8d4540d99560b4b486a090b927ff654b2c125224d88117?s=96&d=mm&r=g\",\"contentUrl\":\"https:\/\/secure.gravatar.com\/avatar\/198bcecc77c146e5ea8d4540d99560b4b486a090b927ff654b2c125224d88117?s=96&d=mm&r=g\",\"caption\":\"harpo\"},\"url\":\"https:\/\/www.drahtige-figuren.de\/?author=1\"}]}<\/script>\n<!-- \/ Yoast SEO plugin. -->","yoast_head_json":{"title":"8. Wickst\u00e4dter Kunstfest -","description":"Mit ihrer ersten lebensgro\u00dfen Figur beteiligt sich die M\u00fcnzenberger K\u00fcnstlerin Ursula Rickert-Rieb am 8. Wickst\u00e4dter Kunstfest.","robots":{"index":"index","follow":"follow","max-snippet":"max-snippet:-1","max-image-preview":"max-image-preview:large","max-video-preview":"max-video-preview:-1"},"canonical":"https:\/\/www.drahtige-figuren.de\/?p=248","twitter_misc":{"Verfasst von":"harpo","Gesch\u00e4tzte Lesezeit":"1\u00a0Minute"},"schema":{"@context":"https:\/\/schema.org","@graph":[{"@type":"Article","@id":"https:\/\/www.drahtige-figuren.de\/?p=248#article","isPartOf":{"@id":"https:\/\/www.drahtige-figuren.de\/?p=248"},"author":{"name":"harpo","@id":"https:\/\/www.drahtige-figuren.de\/#\/schema\/person\/d87d595b1fb89d1ad3b6ecc96af40510"},"headline":"8. Wickst\u00e4dter Kunstfest","datePublished":"2015-07-18T13:08:24+00:00","dateModified":"2015-07-18T13:09:37+00:00","mainEntityOfPage":{"@id":"https:\/\/www.drahtige-figuren.de\/?p=248"},"wordCount":168,"commentCount":0,"image":{"@id":"https:\/\/www.drahtige-figuren.de\/?p=248#primaryimage"},"thumbnailUrl":"http:\/\/www.drahtige-figuren.de\/wp-content\/uploads\/2015\/07\/wickstadt1-1024x849.gif","inLanguage":"de","potentialAction":[{"@type":"CommentAction","name":"Comment","target":["https:\/\/www.drahtige-figuren.de\/?p=248#respond"]}]},{"@type":"WebPage","@id":"https:\/\/www.drahtige-figuren.de\/?p=248","url":"https:\/\/www.drahtige-figuren.de\/?p=248","name":"8. Wickst\u00e4dter Kunstfest -","isPartOf":{"@id":"https:\/\/www.drahtige-figuren.de\/#website"},"primaryImageOfPage":{"@id":"https:\/\/www.drahtige-figuren.de\/?p=248#primaryimage"},"image":{"@id":"https:\/\/www.drahtige-figuren.de\/?p=248#primaryimage"},"thumbnailUrl":"http:\/\/www.drahtige-figuren.de\/wp-content\/uploads\/2015\/07\/wickstadt1-1024x849.gif","datePublished":"2015-07-18T13:08:24+00:00","dateModified":"2015-07-18T13:09:37+00:00","author":{"@id":"https:\/\/www.drahtige-figuren.de\/#\/schema\/person\/d87d595b1fb89d1ad3b6ecc96af40510"},"description":"Mit ihrer ersten lebensgro\u00dfen Figur beteiligt sich die M\u00fcnzenberger K\u00fcnstlerin Ursula Rickert-Rieb am 8. Wickst\u00e4dter Kunstfest.","breadcrumb":{"@id":"https:\/\/www.drahtige-figuren.de\/?p=248#breadcrumb"},"inLanguage":"de","potentialAction":[{"@type":"ReadAction","target":["https:\/\/www.drahtige-figuren.de\/?p=248"]}]},{"@type":"ImageObject","inLanguage":"de","@id":"https:\/\/www.drahtige-figuren.de\/?p=248#primaryimage","url":"https:\/\/www.drahtige-figuren.de\/wp-content\/uploads\/2015\/07\/wickstadt1.gif","contentUrl":"https:\/\/www.drahtige-figuren.de\/wp-content\/uploads\/2015\/07\/wickstadt1.gif","width":1242,"height":1030},{"@type":"BreadcrumbList","@id":"https:\/\/www.drahtige-figuren.de\/?p=248#breadcrumb","itemListElement":[{"@type":"ListItem","position":1,"name":"Home","item":"https:\/\/www.drahtige-figuren.de\/"},{"@type":"ListItem","position":2,"name":"8. Wickst\u00e4dter Kunstfest"}]},{"@type":"WebSite","@id":"https:\/\/www.drahtige-figuren.de\/#website","url":"https:\/\/www.drahtige-figuren.de\/","name":"","description":"","potentialAction":[{"@type":"SearchAction","target":{"@type":"EntryPoint","urlTemplate":"https:\/\/www.drahtige-figuren.de\/?s={search_term_string}"},"query-input":{"@type":"PropertyValueSpecification","valueRequired":true,"valueName":"search_term_string"}}],"inLanguage":"de"},{"@type":"Person","@id":"https:\/\/www.drahtige-figuren.de\/#\/schema\/person\/d87d595b1fb89d1ad3b6ecc96af40510","name":"harpo","image":{"@type":"ImageObject","inLanguage":"de","@id":"https:\/\/www.drahtige-figuren.de\/#\/schema\/person\/image\/","url":"https:\/\/secure.gravatar.com\/avatar\/198bcecc77c146e5ea8d4540d99560b4b486a090b927ff654b2c125224d88117?s=96&d=mm&r=g","contentUrl":"https:\/\/secure.gravatar.com\/avatar\/198bcecc77c146e5ea8d4540d99560b4b486a090b927ff654b2c125224d88117?s=96&d=mm&r=g","caption":"harpo"},"url":"https:\/\/www.drahtige-figuren.de\/?author=1"}]}},"jetpack_featured_media_url":"","jetpack_sharing_enabled":true,"_links":{"self":[{"href":"https:\/\/www.drahtige-figuren.de\/index.php?rest_route=\/wp\/v2\/posts\/248","targetHints":{"allow":["GET"]}}],"collection":[{"href":"https:\/\/www.drahtige-figuren.de\/index.php?rest_route=\/wp\/v2\/posts"}],"about":[{"href":"https:\/\/www.drahtige-figuren.de\/index.php?rest_route=\/wp\/v2\/types\/post"}],"author":[{"embeddable":true,"href":"https:\/\/www.drahtige-figuren.de\/index.php?rest_route=\/wp\/v2\/users\/1"}],"replies":[{"embeddable":true,"href":"https:\/\/www.drahtige-figuren.de\/index.php?rest_route=%2Fwp%2Fv2%2Fcomments&post=248"}],"version-history":[{"count":2,"href":"https:\/\/www.drahtige-figuren.de\/index.php?rest_route=\/wp\/v2\/posts\/248\/revisions"}],"predecessor-version":[{"id":259,"href":"https:\/\/www.drahtige-figuren.de\/index.php?rest_route=\/wp\/v2\/posts\/248\/revisions\/259"}],"wp:attachment":[{"href":"https:\/\/www.drahtige-figuren.de\/index.php?rest_route=%2Fwp%2Fv2%2Fmedia&parent=248"}],"wp:term":[{"taxonomy":"category","embeddable":true,"href":"https:\/\/www.drahtige-figuren.de\/index.php?rest_route=%2Fwp%2Fv2%2Fcategories&post=248"},{"taxonomy":"post_tag","embeddable":true,"href":"https:\/\/www.drahtige-figuren.de\/index.php?rest_route=%2Fwp%2Fv2%2Ftags&post=248"}],"curies":[{"name":"wp","href":"https:\/\/api.w.org\/{rel}","templated":true}]}}