{"id":265,"date":"2015-08-10T18:33:43","date_gmt":"2015-08-10T16:33:43","guid":{"rendered":"http:\/\/www.drahtige-figuren.de\/?p=265"},"modified":"2015-08-10T18:33:43","modified_gmt":"2015-08-10T16:33:43","slug":"8-wickstaedter-kunstfest-3","status":"publish","type":"post","link":"https:\/\/www.drahtige-figuren.de\/?p=265","title":{"rendered":"8. Wickst\u00e4dter Kunstfest"},"content":{"rendered":"<h2>Enth\u00fcllung Teil 3<a href=\"http:\/\/www.drahtige-figuren.de\/wp-content\/uploads\/2015\/07\/figur1.gif\"><img loading=\"lazy\" decoding=\"async\" class=\"alignright  wp-image-250\" src=\"http:\/\/www.drahtige-figuren.de\/wp-content\/uploads\/2015\/07\/figur1-547x1024.gif\" alt=\"figur1\" width=\"54\" height=\"95\" \/><\/a><\/h2>\n<p>Ein weiteres Detail meiner ersten lebensgro\u00dfen Figur wird hier enth\u00fcllt. Vollst\u00e4ndig zu sehen ist sie beim 8. Wickst\u00e4dter Kunstfest am 22. August 2015.<\/p>\n<p><!--more--><\/p>\n<h3><strong>Das gro\u00dfe Geheimnis<\/strong><\/h3>\n<p>Teil des gemeinsamen Projektes der am Wickst\u00e4dter Kunstfest beteiligten K\u00fcnstler ist meine erste lebensgro\u00dfe Figur aus Draht, Papier und Stoff. Ich enth\u00fclle hier nach und nach einige Details. In ihrer ganzen Pracht ist sie dann am Samstag, 22. August, in Wickstadt zu sehen.<\/p>\n<p><a href=\"http:\/\/www.drahtige-figuren.de\/wp-content\/uploads\/2015\/07\/figur5.gif\"><img loading=\"lazy\" decoding=\"async\" class=\"alignright size-large wp-image-254\" src=\"http:\/\/www.drahtige-figuren.de\/wp-content\/uploads\/2015\/07\/figur5-505x1024.gif\" alt=\"figur5\" width=\"505\" height=\"1024\" srcset=\"https:\/\/www.drahtige-figuren.de\/wp-content\/uploads\/2015\/07\/figur5-505x1024.gif 505w, https:\/\/www.drahtige-figuren.de\/wp-content\/uploads\/2015\/07\/figur5-148x300.gif 148w\" sizes=\"auto, (max-width: 505px) 100vw, 505px\" \/><\/a><\/p>\n<div class=\"twoclick_social_bookmarks_post_265 social_share_privacy clearfix 1.6.4 locale-de_DE sprite-de_DE\"><\/div><div class=\"twoclick-js\"><script type=\"text\/javascript\">\/* <![CDATA[ *\/\njQuery(document).ready(function($){if($('.twoclick_social_bookmarks_post_265')){$('.twoclick_social_bookmarks_post_265').socialSharePrivacy({\"services\":{\"facebook\":{\"status\":\"on\",\"txt_info\":\"2 Klicks f\\u00fcr mehr Datenschutz: Erst wenn Sie hier klicken, wird der Button aktiv und Sie k\\u00f6nnen Ihre Empfehlung an Facebook senden. Schon beim Aktivieren werden Daten an Dritte \\u00fcbertragen - siehe <em>i<\\\/em>.\",\"perma_option\":\"off\",\"action\":\"recommend\",\"language\":\"de_DE\"},\"twitter\":{\"reply_to\":\"\",\"tweet_text\":\"8.%20Wickst%C3%A4dter%20Kunstfest%20%C2%BB%20\",\"status\":\"on\",\"txt_info\":\"2 Klicks f\\u00fcr mehr Datenschutz: Erst wenn Sie hier klicken, wird der Button aktiv und Sie k\\u00f6nnen Ihre Empfehlung an Twitter senden. Schon beim Aktivieren werden Daten an Dritte \\u00fcbertragen - siehe <em>i<\\\/em>.\",\"perma_option\":\"off\",\"language\":\"de\",\"referrer_track\":\"\"},\"gplus\":{\"status\":\"on\",\"txt_info\":\"2 Klicks f\\u00fcr mehr Datenschutz: Erst wenn Sie hier klicken, wird der Button aktiv und Sie k\\u00f6nnen Ihre Empfehlung an Google+ senden. Schon beim Aktivieren werden Daten an Dritte \\u00fcbertragen - siehe <em>i<\\\/em>.\",\"perma_option\":\"off\",\"referrer_track\":\"\"},\"flattr\":{\"uid\":\"\",\"status\":\"on\",\"the_title\":\"8.%20Wickst%C3%A4dter%20Kunstfest\",\"the_excerpt\":\"Enth%C3%BCllung%20Teil%203%0D%0AEin%20weiteres%20Detail%20meiner%20ersten%20lebensgro%C3%9Fen%20Figur%20wird%20hier%20enth%C3%BCllt.%20Vollst%C3%A4ndig%20zu%20sehen%20ist%20sie%20beim%208.%20Wickst%C3%A4dter%20Kunstfest%20am%2022.%20August%202015.%0D%0A%0D%0A%20%28mehr%C2%A0%26hellip%3B%29\",\"txt_info\":\"2 Klicks f\\u00fcr mehr Datenschutz: Erst wenn Sie hier klicken, wird der Button aktiv und Sie k\\u00f6nnen Ihre Empfehlung an Flattr senden. Schon beim Aktivieren werden Daten an Dritte \\u00fcbertragen - siehe <em>i<\\\/em>.\",\"perma_option\":\"off\"},\"xing\":{\"status\":\"on\",\"txt_info\":\"2 Klicks f\\u00fcr mehr Datenschutz: Erst wenn Sie hier klicken, wird der Button aktiv und Sie k\\u00f6nnen Ihre Empfehlung an Xing senden. Schon beim Aktivieren werden Daten an Dritte \\u00fcbertragen - siehe <em>i<\\\/em>.\",\"perma_option\":\"off\",\"language\":\"de\",\"referrer_track\":\"\"},\"linkedin\":{\"status\":\"on\",\"txt_info\":\"2 Klicks f\\u00fcr mehr Datenschutz: Erst wenn Sie hier klicken, wird der Button aktiv und Sie k\\u00f6nnen Ihre Empfehlung an LinkedIn senden. Schon beim Aktivieren werden Daten an Dritte \\u00fcbertragen - siehe <em>i<\\\/em>.\",\"perma_option\":\"off\"}},\"txt_help\":\"Wenn Sie diese Felder durch einen Klick aktivieren, werden Informationen an Facebook, Twitter, Flattr, Xing, t3n, LinkedIn, Pinterest oder Google eventuell ins Ausland \\u00fcbertragen und unter Umst\\u00e4nden auch dort gespeichert. N\\u00e4heres erfahren Sie durch einen Klick auf das <em>i<\\\/em>.\",\"settings_perma\":\"Dauerhaft aktivieren und Daten\\u00fcber-tragung zustimmen:\",\"info_link\":\"http:\\\/\\\/www.heise.de\\\/ct\\\/artikel\\\/2-Klicks-fuer-mehr-Datenschutz-1333879.html\",\"uri\":\"https:\\\/\\\/www.drahtige-figuren.de\\\/?p=265\",\"post_id\":265,\"post_title_referrer_track\":\"8.+Wickst%C3%A4dter+Kunstfest\",\"display_infobox\":\"on\"});}});\n\/* ]]> *\/<\/script><\/div>","protected":false},"excerpt":{"rendered":"<p>Enth\u00fcllung Teil 3 Ein weiteres Detail meiner ersten lebensgro\u00dfen Figur wird hier enth\u00fcllt. Vollst\u00e4ndig zu sehen ist sie beim 8. Wickst\u00e4dter Kunstfest am 22. August 2015.<\/p>\n","protected":false},"author":1,"featured_media":0,"comment_status":"open","ping_status":"open","sticky":false,"template":"","format":"standard","meta":{"_jetpack_memberships_contains_paid_content":false,"footnotes":""},"categories":[1],"tags":[],"class_list":["post-265","post","type-post","status-publish","format-standard","hentry","category-allgemein"],"yoast_head":"<!-- This site is optimized with the Yoast SEO plugin v27.0 - https:\/\/yoast.com\/product\/yoast-seo-wordpress\/ -->\n<title>8. Wickst\u00e4dter Kunstfest -<\/title>\n<meta name=\"description\" content=\"Die Enth\u00fcllung zum 8. Wickst\u00e4dter Kunstfest Teil 3: nach und nach sind Details der lebensgro\u00dfen drahtigen Figur zu sehen.\" \/>\n<meta name=\"robots\" content=\"index, follow, max-snippet:-1, max-image-preview:large, max-video-preview:-1\" \/>\n<link rel=\"canonical\" href=\"https:\/\/www.drahtige-figuren.de\/?p=265\" \/>\n<meta name=\"twitter:label1\" content=\"Verfasst von\" \/>\n\t<meta name=\"twitter:data1\" content=\"harpo\" \/>\n<script type=\"application\/ld+json\" class=\"yoast-schema-graph\">{\"@context\":\"https:\/\/schema.org\",\"@graph\":[{\"@type\":\"Article\",\"@id\":\"https:\/\/www.drahtige-figuren.de\/?p=265#article\",\"isPartOf\":{\"@id\":\"https:\/\/www.drahtige-figuren.de\/?p=265\"},\"author\":{\"name\":\"harpo\",\"@id\":\"https:\/\/www.drahtige-figuren.de\/#\/schema\/person\/d87d595b1fb89d1ad3b6ecc96af40510\"},\"headline\":\"8. Wickst\u00e4dter Kunstfest\",\"datePublished\":\"2015-08-10T16:33:43+00:00\",\"mainEntityOfPage\":{\"@id\":\"https:\/\/www.drahtige-figuren.de\/?p=265\"},\"wordCount\":80,\"commentCount\":0,\"image\":{\"@id\":\"https:\/\/www.drahtige-figuren.de\/?p=265#primaryimage\"},\"thumbnailUrl\":\"http:\/\/www.drahtige-figuren.de\/wp-content\/uploads\/2015\/07\/figur1-547x1024.gif\",\"inLanguage\":\"de\",\"potentialAction\":[{\"@type\":\"CommentAction\",\"name\":\"Comment\",\"target\":[\"https:\/\/www.drahtige-figuren.de\/?p=265#respond\"]}]},{\"@type\":\"WebPage\",\"@id\":\"https:\/\/www.drahtige-figuren.de\/?p=265\",\"url\":\"https:\/\/www.drahtige-figuren.de\/?p=265\",\"name\":\"8. Wickst\u00e4dter Kunstfest -\",\"isPartOf\":{\"@id\":\"https:\/\/www.drahtige-figuren.de\/#website\"},\"primaryImageOfPage\":{\"@id\":\"https:\/\/www.drahtige-figuren.de\/?p=265#primaryimage\"},\"image\":{\"@id\":\"https:\/\/www.drahtige-figuren.de\/?p=265#primaryimage\"},\"thumbnailUrl\":\"http:\/\/www.drahtige-figuren.de\/wp-content\/uploads\/2015\/07\/figur1-547x1024.gif\",\"datePublished\":\"2015-08-10T16:33:43+00:00\",\"author\":{\"@id\":\"https:\/\/www.drahtige-figuren.de\/#\/schema\/person\/d87d595b1fb89d1ad3b6ecc96af40510\"},\"description\":\"Die Enth\u00fcllung zum 8. Wickst\u00e4dter Kunstfest Teil 3: nach und nach sind Details der lebensgro\u00dfen drahtigen Figur zu sehen.\",\"breadcrumb\":{\"@id\":\"https:\/\/www.drahtige-figuren.de\/?p=265#breadcrumb\"},\"inLanguage\":\"de\",\"potentialAction\":[{\"@type\":\"ReadAction\",\"target\":[\"https:\/\/www.drahtige-figuren.de\/?p=265\"]}]},{\"@type\":\"ImageObject\",\"inLanguage\":\"de\",\"@id\":\"https:\/\/www.drahtige-figuren.de\/?p=265#primaryimage\",\"url\":\"https:\/\/www.drahtige-figuren.de\/wp-content\/uploads\/2015\/07\/figur1.gif\",\"contentUrl\":\"https:\/\/www.drahtige-figuren.de\/wp-content\/uploads\/2015\/07\/figur1.gif\",\"width\":1228,\"height\":2300},{\"@type\":\"BreadcrumbList\",\"@id\":\"https:\/\/www.drahtige-figuren.de\/?p=265#breadcrumb\",\"itemListElement\":[{\"@type\":\"ListItem\",\"position\":1,\"name\":\"Home\",\"item\":\"https:\/\/www.drahtige-figuren.de\/\"},{\"@type\":\"ListItem\",\"position\":2,\"name\":\"8. Wickst\u00e4dter Kunstfest\"}]},{\"@type\":\"WebSite\",\"@id\":\"https:\/\/www.drahtige-figuren.de\/#website\",\"url\":\"https:\/\/www.drahtige-figuren.de\/\",\"name\":\"\",\"description\":\"\",\"potentialAction\":[{\"@type\":\"SearchAction\",\"target\":{\"@type\":\"EntryPoint\",\"urlTemplate\":\"https:\/\/www.drahtige-figuren.de\/?s={search_term_string}\"},\"query-input\":{\"@type\":\"PropertyValueSpecification\",\"valueRequired\":true,\"valueName\":\"search_term_string\"}}],\"inLanguage\":\"de\"},{\"@type\":\"Person\",\"@id\":\"https:\/\/www.drahtige-figuren.de\/#\/schema\/person\/d87d595b1fb89d1ad3b6ecc96af40510\",\"name\":\"harpo\",\"image\":{\"@type\":\"ImageObject\",\"inLanguage\":\"de\",\"@id\":\"https:\/\/www.drahtige-figuren.de\/#\/schema\/person\/image\/\",\"url\":\"https:\/\/secure.gravatar.com\/avatar\/198bcecc77c146e5ea8d4540d99560b4b486a090b927ff654b2c125224d88117?s=96&d=mm&r=g\",\"contentUrl\":\"https:\/\/secure.gravatar.com\/avatar\/198bcecc77c146e5ea8d4540d99560b4b486a090b927ff654b2c125224d88117?s=96&d=mm&r=g\",\"caption\":\"harpo\"},\"url\":\"https:\/\/www.drahtige-figuren.de\/?author=1\"}]}<\/script>\n<!-- \/ Yoast SEO plugin. -->","yoast_head_json":{"title":"8. Wickst\u00e4dter Kunstfest -","description":"Die Enth\u00fcllung zum 8. Wickst\u00e4dter Kunstfest Teil 3: nach und nach sind Details der lebensgro\u00dfen drahtigen Figur zu sehen.","robots":{"index":"index","follow":"follow","max-snippet":"max-snippet:-1","max-image-preview":"max-image-preview:large","max-video-preview":"max-video-preview:-1"},"canonical":"https:\/\/www.drahtige-figuren.de\/?p=265","twitter_misc":{"Verfasst von":"harpo"},"schema":{"@context":"https:\/\/schema.org","@graph":[{"@type":"Article","@id":"https:\/\/www.drahtige-figuren.de\/?p=265#article","isPartOf":{"@id":"https:\/\/www.drahtige-figuren.de\/?p=265"},"author":{"name":"harpo","@id":"https:\/\/www.drahtige-figuren.de\/#\/schema\/person\/d87d595b1fb89d1ad3b6ecc96af40510"},"headline":"8. Wickst\u00e4dter Kunstfest","datePublished":"2015-08-10T16:33:43+00:00","mainEntityOfPage":{"@id":"https:\/\/www.drahtige-figuren.de\/?p=265"},"wordCount":80,"commentCount":0,"image":{"@id":"https:\/\/www.drahtige-figuren.de\/?p=265#primaryimage"},"thumbnailUrl":"http:\/\/www.drahtige-figuren.de\/wp-content\/uploads\/2015\/07\/figur1-547x1024.gif","inLanguage":"de","potentialAction":[{"@type":"CommentAction","name":"Comment","target":["https:\/\/www.drahtige-figuren.de\/?p=265#respond"]}]},{"@type":"WebPage","@id":"https:\/\/www.drahtige-figuren.de\/?p=265","url":"https:\/\/www.drahtige-figuren.de\/?p=265","name":"8. Wickst\u00e4dter Kunstfest -","isPartOf":{"@id":"https:\/\/www.drahtige-figuren.de\/#website"},"primaryImageOfPage":{"@id":"https:\/\/www.drahtige-figuren.de\/?p=265#primaryimage"},"image":{"@id":"https:\/\/www.drahtige-figuren.de\/?p=265#primaryimage"},"thumbnailUrl":"http:\/\/www.drahtige-figuren.de\/wp-content\/uploads\/2015\/07\/figur1-547x1024.gif","datePublished":"2015-08-10T16:33:43+00:00","author":{"@id":"https:\/\/www.drahtige-figuren.de\/#\/schema\/person\/d87d595b1fb89d1ad3b6ecc96af40510"},"description":"Die Enth\u00fcllung zum 8. Wickst\u00e4dter Kunstfest Teil 3: nach und nach sind Details der lebensgro\u00dfen drahtigen Figur zu sehen.","breadcrumb":{"@id":"https:\/\/www.drahtige-figuren.de\/?p=265#breadcrumb"},"inLanguage":"de","potentialAction":[{"@type":"ReadAction","target":["https:\/\/www.drahtige-figuren.de\/?p=265"]}]},{"@type":"ImageObject","inLanguage":"de","@id":"https:\/\/www.drahtige-figuren.de\/?p=265#primaryimage","url":"https:\/\/www.drahtige-figuren.de\/wp-content\/uploads\/2015\/07\/figur1.gif","contentUrl":"https:\/\/www.drahtige-figuren.de\/wp-content\/uploads\/2015\/07\/figur1.gif","width":1228,"height":2300},{"@type":"BreadcrumbList","@id":"https:\/\/www.drahtige-figuren.de\/?p=265#breadcrumb","itemListElement":[{"@type":"ListItem","position":1,"name":"Home","item":"https:\/\/www.drahtige-figuren.de\/"},{"@type":"ListItem","position":2,"name":"8. Wickst\u00e4dter Kunstfest"}]},{"@type":"WebSite","@id":"https:\/\/www.drahtige-figuren.de\/#website","url":"https:\/\/www.drahtige-figuren.de\/","name":"","description":"","potentialAction":[{"@type":"SearchAction","target":{"@type":"EntryPoint","urlTemplate":"https:\/\/www.drahtige-figuren.de\/?s={search_term_string}"},"query-input":{"@type":"PropertyValueSpecification","valueRequired":true,"valueName":"search_term_string"}}],"inLanguage":"de"},{"@type":"Person","@id":"https:\/\/www.drahtige-figuren.de\/#\/schema\/person\/d87d595b1fb89d1ad3b6ecc96af40510","name":"harpo","image":{"@type":"ImageObject","inLanguage":"de","@id":"https:\/\/www.drahtige-figuren.de\/#\/schema\/person\/image\/","url":"https:\/\/secure.gravatar.com\/avatar\/198bcecc77c146e5ea8d4540d99560b4b486a090b927ff654b2c125224d88117?s=96&d=mm&r=g","contentUrl":"https:\/\/secure.gravatar.com\/avatar\/198bcecc77c146e5ea8d4540d99560b4b486a090b927ff654b2c125224d88117?s=96&d=mm&r=g","caption":"harpo"},"url":"https:\/\/www.drahtige-figuren.de\/?author=1"}]}},"jetpack_featured_media_url":"","jetpack_sharing_enabled":true,"_links":{"self":[{"href":"https:\/\/www.drahtige-figuren.de\/index.php?rest_route=\/wp\/v2\/posts\/265","targetHints":{"allow":["GET"]}}],"collection":[{"href":"https:\/\/www.drahtige-figuren.de\/index.php?rest_route=\/wp\/v2\/posts"}],"about":[{"href":"https:\/\/www.drahtige-figuren.de\/index.php?rest_route=\/wp\/v2\/types\/post"}],"author":[{"embeddable":true,"href":"https:\/\/www.drahtige-figuren.de\/index.php?rest_route=\/wp\/v2\/users\/1"}],"replies":[{"embeddable":true,"href":"https:\/\/www.drahtige-figuren.de\/index.php?rest_route=%2Fwp%2Fv2%2Fcomments&post=265"}],"version-history":[{"count":1,"href":"https:\/\/www.drahtige-figuren.de\/index.php?rest_route=\/wp\/v2\/posts\/265\/revisions"}],"predecessor-version":[{"id":266,"href":"https:\/\/www.drahtige-figuren.de\/index.php?rest_route=\/wp\/v2\/posts\/265\/revisions\/266"}],"wp:attachment":[{"href":"https:\/\/www.drahtige-figuren.de\/index.php?rest_route=%2Fwp%2Fv2%2Fmedia&parent=265"}],"wp:term":[{"taxonomy":"category","embeddable":true,"href":"https:\/\/www.drahtige-figuren.de\/index.php?rest_route=%2Fwp%2Fv2%2Fcategories&post=265"},{"taxonomy":"post_tag","embeddable":true,"href":"https:\/\/www.drahtige-figuren.de\/index.php?rest_route=%2Fwp%2Fv2%2Ftags&post=265"}],"curies":[{"name":"wp","href":"https:\/\/api.w.org\/{rel}","templated":true}]}}