{"id":268,"date":"2015-08-16T20:33:11","date_gmt":"2015-08-16T18:33:11","guid":{"rendered":"http:\/\/www.drahtige-figuren.de\/?p=268"},"modified":"2015-08-16T20:35:24","modified_gmt":"2015-08-16T18:35:24","slug":"8-wickstaedter-kunstfest-4","status":"publish","type":"post","link":"https:\/\/www.drahtige-figuren.de\/?p=268","title":{"rendered":"8. Wickst\u00e4dter Kunstfest"},"content":{"rendered":"<h1>Die gro\u00dfe Enth\u00fcllung, letzter Teil<a href=\"http:\/\/www.drahtige-figuren.de\/wp-content\/uploads\/2015\/07\/figur1.gif\"><img loading=\"lazy\" decoding=\"async\" class=\"  wp-image-250 alignleft\" src=\"http:\/\/www.drahtige-figuren.de\/wp-content\/uploads\/2015\/07\/figur1-547x1024.gif\" alt=\"figur1\" width=\"66\" height=\"116\" \/><\/a><\/h1>\n<p>Ein weiteres Detail meiner ersten lebensgro\u00dfen drahtigen Figur ist nun zu sehen. Vollst\u00e4ndig enth\u00fcllt wird sie beim 8. Wickst\u00e4dter Kunstfest am Samstag, 22. August.<!--more--><\/p>\n<h3><a href=\"http:\/\/www.drahtige-figuren.de\/wp-content\/uploads\/2015\/07\/figur2.gif\"><img loading=\"lazy\" decoding=\"async\" class=\"alignright size-large wp-image-251\" src=\"http:\/\/www.drahtige-figuren.de\/wp-content\/uploads\/2015\/07\/figur2-507x1024.gif\" alt=\"figur2\" width=\"507\" height=\"1024\" srcset=\"https:\/\/www.drahtige-figuren.de\/wp-content\/uploads\/2015\/07\/figur2-507x1024.gif 507w, https:\/\/www.drahtige-figuren.de\/wp-content\/uploads\/2015\/07\/figur2-149x300.gif 149w\" sizes=\"auto, (max-width: 507px) 100vw, 507px\" \/><\/a><\/h3>\n<h3><\/h3>\n<h3><strong>Gro\u00dfes Gesamtkunstwerk<\/strong><\/h3>\n<p>Wer genau hinschaut, kann ein weiteres Detail meiner ebensgro\u00dfen drahtigen Figur erkennen. Sie ist Teil des gemeinsamen Projektes der am Wickst\u00e4dter Fest beteiligten K\u00fcnstler.<\/p>\n<h4><strong>Sch\u00f6nstes Kunstfest weit und breit<\/strong><\/h4>\n<p>Das Kunstfest auf dem idyllisch an der Nidda zwischen Assenheim und Florstadt gelegenen Hofgut Wickstadt geh\u00f6rt zu den gr\u00f6\u00dften und sch\u00f6nsten der Region. Es wird alle zwei Jahre ausgerichtet. Beim vergangenen Kunstfest war der Andrang so gro\u00dfe, dass der Verkehr zusammen gebrochen ist. Durch eine kluge Einbahnstra\u00dfenregelung soll das diesmal vermieden werden.<\/p>\n<p>Wie immer gibt es zur visuellen auch akustische Kunst: mehrere Musikgruppen treten auf. Hier steht das Programm: <a href=\"http:\/\/www.wickstaedter-kunstfest.de\/index.php\/programm\" target=\"_blank\">www.wickstaedter-kunstfest.de<\/a><\/p>\n<p>&nbsp;<\/p>\n<div class=\"twoclick_social_bookmarks_post_268 social_share_privacy clearfix 1.6.4 locale-de_DE sprite-de_DE\"><\/div><div class=\"twoclick-js\"><script type=\"text\/javascript\">\/* <![CDATA[ *\/\njQuery(document).ready(function($){if($('.twoclick_social_bookmarks_post_268')){$('.twoclick_social_bookmarks_post_268').socialSharePrivacy({\"services\":{\"facebook\":{\"status\":\"on\",\"txt_info\":\"2 Klicks f\\u00fcr mehr Datenschutz: Erst wenn Sie hier klicken, wird der Button aktiv und Sie k\\u00f6nnen Ihre Empfehlung an Facebook senden. Schon beim Aktivieren werden Daten an Dritte \\u00fcbertragen - siehe <em>i<\\\/em>.\",\"perma_option\":\"off\",\"action\":\"recommend\",\"language\":\"de_DE\"},\"twitter\":{\"reply_to\":\"\",\"tweet_text\":\"8.%20Wickst%C3%A4dter%20Kunstfest%20%C2%BB%20\",\"status\":\"on\",\"txt_info\":\"2 Klicks f\\u00fcr mehr Datenschutz: Erst wenn Sie hier klicken, wird der Button aktiv und Sie k\\u00f6nnen Ihre Empfehlung an Twitter senden. Schon beim Aktivieren werden Daten an Dritte \\u00fcbertragen - siehe <em>i<\\\/em>.\",\"perma_option\":\"off\",\"language\":\"de\",\"referrer_track\":\"\"},\"gplus\":{\"status\":\"on\",\"txt_info\":\"2 Klicks f\\u00fcr mehr Datenschutz: Erst wenn Sie hier klicken, wird der Button aktiv und Sie k\\u00f6nnen Ihre Empfehlung an Google+ senden. Schon beim Aktivieren werden Daten an Dritte \\u00fcbertragen - siehe <em>i<\\\/em>.\",\"perma_option\":\"off\",\"referrer_track\":\"\"},\"flattr\":{\"uid\":\"\",\"status\":\"on\",\"the_title\":\"8.%20Wickst%C3%A4dter%20Kunstfest\",\"the_excerpt\":\"Die%20gro%C3%9Fe%20Enth%C3%BCllung%2C%20letzter%20Teil%0D%0AEin%20weiteres%20Detail%20meiner%20ersten%20lebensgro%C3%9Fen%20drahtigen%20Figur%20ist%20nun%20zu%20sehen.%20Vollst%C3%A4ndig%20enth%C3%BCllt%20wird%20sie%20beim%208.%20Wickst%C3%A4dter%20Kunstfest%20am%20Samstag%2C%2022.%20August.%20%28mehr%C2%A0%26hellip%3B%29\",\"txt_info\":\"2 Klicks f\\u00fcr mehr Datenschutz: Erst wenn Sie hier klicken, wird der Button aktiv und Sie k\\u00f6nnen Ihre Empfehlung an Flattr senden. Schon beim Aktivieren werden Daten an Dritte \\u00fcbertragen - siehe <em>i<\\\/em>.\",\"perma_option\":\"off\"},\"xing\":{\"status\":\"on\",\"txt_info\":\"2 Klicks f\\u00fcr mehr Datenschutz: Erst wenn Sie hier klicken, wird der Button aktiv und Sie k\\u00f6nnen Ihre Empfehlung an Xing senden. Schon beim Aktivieren werden Daten an Dritte \\u00fcbertragen - siehe <em>i<\\\/em>.\",\"perma_option\":\"off\",\"language\":\"de\",\"referrer_track\":\"\"},\"linkedin\":{\"status\":\"on\",\"txt_info\":\"2 Klicks f\\u00fcr mehr Datenschutz: Erst wenn Sie hier klicken, wird der Button aktiv und Sie k\\u00f6nnen Ihre Empfehlung an LinkedIn senden. Schon beim Aktivieren werden Daten an Dritte \\u00fcbertragen - siehe <em>i<\\\/em>.\",\"perma_option\":\"off\"}},\"txt_help\":\"Wenn Sie diese Felder durch einen Klick aktivieren, werden Informationen an Facebook, Twitter, Flattr, Xing, t3n, LinkedIn, Pinterest oder Google eventuell ins Ausland \\u00fcbertragen und unter Umst\\u00e4nden auch dort gespeichert. N\\u00e4heres erfahren Sie durch einen Klick auf das <em>i<\\\/em>.\",\"settings_perma\":\"Dauerhaft aktivieren und Daten\\u00fcber-tragung zustimmen:\",\"info_link\":\"http:\\\/\\\/www.heise.de\\\/ct\\\/artikel\\\/2-Klicks-fuer-mehr-Datenschutz-1333879.html\",\"uri\":\"https:\\\/\\\/www.drahtige-figuren.de\\\/?p=268\",\"post_id\":268,\"post_title_referrer_track\":\"8.+Wickst%C3%A4dter+Kunstfest\",\"display_infobox\":\"on\"});}});\n\/* ]]> *\/<\/script><\/div>","protected":false},"excerpt":{"rendered":"<p>Die gro\u00dfe Enth\u00fcllung, letzter Teil Ein weiteres Detail meiner ersten lebensgro\u00dfen drahtigen Figur ist nun zu sehen. Vollst\u00e4ndig enth\u00fcllt wird sie beim 8. Wickst\u00e4dter Kunstfest am Samstag, 22. August.<\/p>\n","protected":false},"author":1,"featured_media":0,"comment_status":"open","ping_status":"open","sticky":false,"template":"","format":"standard","meta":{"_jetpack_memberships_contains_paid_content":false,"footnotes":""},"categories":[1],"tags":[],"class_list":["post-268","post","type-post","status-publish","format-standard","hentry","category-allgemein"],"yoast_head":"<!-- This site is optimized with the Yoast SEO plugin v27.0 - https:\/\/yoast.com\/product\/yoast-seo-wordpress\/ -->\n<title>8. Wickst\u00e4dter Kunstfest -<\/title>\n<meta name=\"robots\" content=\"index, follow, max-snippet:-1, max-image-preview:large, max-video-preview:-1\" \/>\n<link rel=\"canonical\" href=\"https:\/\/www.drahtige-figuren.de\/?p=268\" \/>\n<meta name=\"twitter:label1\" content=\"Verfasst von\" \/>\n\t<meta name=\"twitter:data1\" content=\"harpo\" \/>\n\t<meta name=\"twitter:label2\" content=\"Gesch\u00e4tzte Lesezeit\" \/>\n\t<meta name=\"twitter:data2\" content=\"1\u00a0Minute\" \/>\n<script type=\"application\/ld+json\" class=\"yoast-schema-graph\">{\"@context\":\"https:\/\/schema.org\",\"@graph\":[{\"@type\":\"Article\",\"@id\":\"https:\/\/www.drahtige-figuren.de\/?p=268#article\",\"isPartOf\":{\"@id\":\"https:\/\/www.drahtige-figuren.de\/?p=268\"},\"author\":{\"name\":\"harpo\",\"@id\":\"https:\/\/www.drahtige-figuren.de\/#\/schema\/person\/d87d595b1fb89d1ad3b6ecc96af40510\"},\"headline\":\"8. Wickst\u00e4dter Kunstfest\",\"datePublished\":\"2015-08-16T18:33:11+00:00\",\"dateModified\":\"2015-08-16T18:35:24+00:00\",\"mainEntityOfPage\":{\"@id\":\"https:\/\/www.drahtige-figuren.de\/?p=268\"},\"wordCount\":150,\"commentCount\":0,\"image\":{\"@id\":\"https:\/\/www.drahtige-figuren.de\/?p=268#primaryimage\"},\"thumbnailUrl\":\"http:\/\/www.drahtige-figuren.de\/wp-content\/uploads\/2015\/07\/figur1-547x1024.gif\",\"inLanguage\":\"de\",\"potentialAction\":[{\"@type\":\"CommentAction\",\"name\":\"Comment\",\"target\":[\"https:\/\/www.drahtige-figuren.de\/?p=268#respond\"]}]},{\"@type\":\"WebPage\",\"@id\":\"https:\/\/www.drahtige-figuren.de\/?p=268\",\"url\":\"https:\/\/www.drahtige-figuren.de\/?p=268\",\"name\":\"8. Wickst\u00e4dter Kunstfest -\",\"isPartOf\":{\"@id\":\"https:\/\/www.drahtige-figuren.de\/#website\"},\"primaryImageOfPage\":{\"@id\":\"https:\/\/www.drahtige-figuren.de\/?p=268#primaryimage\"},\"image\":{\"@id\":\"https:\/\/www.drahtige-figuren.de\/?p=268#primaryimage\"},\"thumbnailUrl\":\"http:\/\/www.drahtige-figuren.de\/wp-content\/uploads\/2015\/07\/figur1-547x1024.gif\",\"datePublished\":\"2015-08-16T18:33:11+00:00\",\"dateModified\":\"2015-08-16T18:35:24+00:00\",\"author\":{\"@id\":\"https:\/\/www.drahtige-figuren.de\/#\/schema\/person\/d87d595b1fb89d1ad3b6ecc96af40510\"},\"breadcrumb\":{\"@id\":\"https:\/\/www.drahtige-figuren.de\/?p=268#breadcrumb\"},\"inLanguage\":\"de\",\"potentialAction\":[{\"@type\":\"ReadAction\",\"target\":[\"https:\/\/www.drahtige-figuren.de\/?p=268\"]}]},{\"@type\":\"ImageObject\",\"inLanguage\":\"de\",\"@id\":\"https:\/\/www.drahtige-figuren.de\/?p=268#primaryimage\",\"url\":\"https:\/\/www.drahtige-figuren.de\/wp-content\/uploads\/2015\/07\/figur1.gif\",\"contentUrl\":\"https:\/\/www.drahtige-figuren.de\/wp-content\/uploads\/2015\/07\/figur1.gif\",\"width\":1228,\"height\":2300},{\"@type\":\"BreadcrumbList\",\"@id\":\"https:\/\/www.drahtige-figuren.de\/?p=268#breadcrumb\",\"itemListElement\":[{\"@type\":\"ListItem\",\"position\":1,\"name\":\"Home\",\"item\":\"https:\/\/www.drahtige-figuren.de\/\"},{\"@type\":\"ListItem\",\"position\":2,\"name\":\"8. Wickst\u00e4dter Kunstfest\"}]},{\"@type\":\"WebSite\",\"@id\":\"https:\/\/www.drahtige-figuren.de\/#website\",\"url\":\"https:\/\/www.drahtige-figuren.de\/\",\"name\":\"\",\"description\":\"\",\"potentialAction\":[{\"@type\":\"SearchAction\",\"target\":{\"@type\":\"EntryPoint\",\"urlTemplate\":\"https:\/\/www.drahtige-figuren.de\/?s={search_term_string}\"},\"query-input\":{\"@type\":\"PropertyValueSpecification\",\"valueRequired\":true,\"valueName\":\"search_term_string\"}}],\"inLanguage\":\"de\"},{\"@type\":\"Person\",\"@id\":\"https:\/\/www.drahtige-figuren.de\/#\/schema\/person\/d87d595b1fb89d1ad3b6ecc96af40510\",\"name\":\"harpo\",\"image\":{\"@type\":\"ImageObject\",\"inLanguage\":\"de\",\"@id\":\"https:\/\/www.drahtige-figuren.de\/#\/schema\/person\/image\/\",\"url\":\"https:\/\/secure.gravatar.com\/avatar\/198bcecc77c146e5ea8d4540d99560b4b486a090b927ff654b2c125224d88117?s=96&d=mm&r=g\",\"contentUrl\":\"https:\/\/secure.gravatar.com\/avatar\/198bcecc77c146e5ea8d4540d99560b4b486a090b927ff654b2c125224d88117?s=96&d=mm&r=g\",\"caption\":\"harpo\"},\"url\":\"https:\/\/www.drahtige-figuren.de\/?author=1\"}]}<\/script>\n<!-- \/ Yoast SEO plugin. -->","yoast_head_json":{"title":"8. Wickst\u00e4dter Kunstfest -","robots":{"index":"index","follow":"follow","max-snippet":"max-snippet:-1","max-image-preview":"max-image-preview:large","max-video-preview":"max-video-preview:-1"},"canonical":"https:\/\/www.drahtige-figuren.de\/?p=268","twitter_misc":{"Verfasst von":"harpo","Gesch\u00e4tzte Lesezeit":"1\u00a0Minute"},"schema":{"@context":"https:\/\/schema.org","@graph":[{"@type":"Article","@id":"https:\/\/www.drahtige-figuren.de\/?p=268#article","isPartOf":{"@id":"https:\/\/www.drahtige-figuren.de\/?p=268"},"author":{"name":"harpo","@id":"https:\/\/www.drahtige-figuren.de\/#\/schema\/person\/d87d595b1fb89d1ad3b6ecc96af40510"},"headline":"8. Wickst\u00e4dter Kunstfest","datePublished":"2015-08-16T18:33:11+00:00","dateModified":"2015-08-16T18:35:24+00:00","mainEntityOfPage":{"@id":"https:\/\/www.drahtige-figuren.de\/?p=268"},"wordCount":150,"commentCount":0,"image":{"@id":"https:\/\/www.drahtige-figuren.de\/?p=268#primaryimage"},"thumbnailUrl":"http:\/\/www.drahtige-figuren.de\/wp-content\/uploads\/2015\/07\/figur1-547x1024.gif","inLanguage":"de","potentialAction":[{"@type":"CommentAction","name":"Comment","target":["https:\/\/www.drahtige-figuren.de\/?p=268#respond"]}]},{"@type":"WebPage","@id":"https:\/\/www.drahtige-figuren.de\/?p=268","url":"https:\/\/www.drahtige-figuren.de\/?p=268","name":"8. Wickst\u00e4dter Kunstfest -","isPartOf":{"@id":"https:\/\/www.drahtige-figuren.de\/#website"},"primaryImageOfPage":{"@id":"https:\/\/www.drahtige-figuren.de\/?p=268#primaryimage"},"image":{"@id":"https:\/\/www.drahtige-figuren.de\/?p=268#primaryimage"},"thumbnailUrl":"http:\/\/www.drahtige-figuren.de\/wp-content\/uploads\/2015\/07\/figur1-547x1024.gif","datePublished":"2015-08-16T18:33:11+00:00","dateModified":"2015-08-16T18:35:24+00:00","author":{"@id":"https:\/\/www.drahtige-figuren.de\/#\/schema\/person\/d87d595b1fb89d1ad3b6ecc96af40510"},"breadcrumb":{"@id":"https:\/\/www.drahtige-figuren.de\/?p=268#breadcrumb"},"inLanguage":"de","potentialAction":[{"@type":"ReadAction","target":["https:\/\/www.drahtige-figuren.de\/?p=268"]}]},{"@type":"ImageObject","inLanguage":"de","@id":"https:\/\/www.drahtige-figuren.de\/?p=268#primaryimage","url":"https:\/\/www.drahtige-figuren.de\/wp-content\/uploads\/2015\/07\/figur1.gif","contentUrl":"https:\/\/www.drahtige-figuren.de\/wp-content\/uploads\/2015\/07\/figur1.gif","width":1228,"height":2300},{"@type":"BreadcrumbList","@id":"https:\/\/www.drahtige-figuren.de\/?p=268#breadcrumb","itemListElement":[{"@type":"ListItem","position":1,"name":"Home","item":"https:\/\/www.drahtige-figuren.de\/"},{"@type":"ListItem","position":2,"name":"8. Wickst\u00e4dter Kunstfest"}]},{"@type":"WebSite","@id":"https:\/\/www.drahtige-figuren.de\/#website","url":"https:\/\/www.drahtige-figuren.de\/","name":"","description":"","potentialAction":[{"@type":"SearchAction","target":{"@type":"EntryPoint","urlTemplate":"https:\/\/www.drahtige-figuren.de\/?s={search_term_string}"},"query-input":{"@type":"PropertyValueSpecification","valueRequired":true,"valueName":"search_term_string"}}],"inLanguage":"de"},{"@type":"Person","@id":"https:\/\/www.drahtige-figuren.de\/#\/schema\/person\/d87d595b1fb89d1ad3b6ecc96af40510","name":"harpo","image":{"@type":"ImageObject","inLanguage":"de","@id":"https:\/\/www.drahtige-figuren.de\/#\/schema\/person\/image\/","url":"https:\/\/secure.gravatar.com\/avatar\/198bcecc77c146e5ea8d4540d99560b4b486a090b927ff654b2c125224d88117?s=96&d=mm&r=g","contentUrl":"https:\/\/secure.gravatar.com\/avatar\/198bcecc77c146e5ea8d4540d99560b4b486a090b927ff654b2c125224d88117?s=96&d=mm&r=g","caption":"harpo"},"url":"https:\/\/www.drahtige-figuren.de\/?author=1"}]}},"jetpack_featured_media_url":"","jetpack_sharing_enabled":true,"_links":{"self":[{"href":"https:\/\/www.drahtige-figuren.de\/index.php?rest_route=\/wp\/v2\/posts\/268","targetHints":{"allow":["GET"]}}],"collection":[{"href":"https:\/\/www.drahtige-figuren.de\/index.php?rest_route=\/wp\/v2\/posts"}],"about":[{"href":"https:\/\/www.drahtige-figuren.de\/index.php?rest_route=\/wp\/v2\/types\/post"}],"author":[{"embeddable":true,"href":"https:\/\/www.drahtige-figuren.de\/index.php?rest_route=\/wp\/v2\/users\/1"}],"replies":[{"embeddable":true,"href":"https:\/\/www.drahtige-figuren.de\/index.php?rest_route=%2Fwp%2Fv2%2Fcomments&post=268"}],"version-history":[{"count":2,"href":"https:\/\/www.drahtige-figuren.de\/index.php?rest_route=\/wp\/v2\/posts\/268\/revisions"}],"predecessor-version":[{"id":270,"href":"https:\/\/www.drahtige-figuren.de\/index.php?rest_route=\/wp\/v2\/posts\/268\/revisions\/270"}],"wp:attachment":[{"href":"https:\/\/www.drahtige-figuren.de\/index.php?rest_route=%2Fwp%2Fv2%2Fmedia&parent=268"}],"wp:term":[{"taxonomy":"category","embeddable":true,"href":"https:\/\/www.drahtige-figuren.de\/index.php?rest_route=%2Fwp%2Fv2%2Fcategories&post=268"},{"taxonomy":"post_tag","embeddable":true,"href":"https:\/\/www.drahtige-figuren.de\/index.php?rest_route=%2Fwp%2Fv2%2Ftags&post=268"}],"curies":[{"name":"wp","href":"https:\/\/api.w.org\/{rel}","templated":true}]}}