{"id":417,"date":"2019-05-29T17:06:24","date_gmt":"2019-05-29T15:06:24","guid":{"rendered":"http:\/\/www.drahtige-figuren.de\/?p=417"},"modified":"2019-05-29T17:09:38","modified_gmt":"2019-05-29T15:09:38","slug":"rauschenale-2","status":"publish","type":"post","link":"https:\/\/www.drahtige-figuren.de\/?p=417","title":{"rendered":"Rauschenale"},"content":{"rendered":"\n<h2 class=\"wp-block-heading\">Das Programm<\/h2>\n\n\n\n<div class=\"wp-block-image\"><figure class=\"alignleft is-resized\"><img loading=\"lazy\" decoding=\"async\" src=\"http:\/\/www.drahtige-figuren.de\/wp-content\/uploads\/2019\/05\/Flyer-2019-2.gif\" alt=\"\" class=\"wp-image-418\" width=\"255\" height=\"166\"\/><\/figure><\/div>\n\n\n\nBei der Rauschenale vom 8. bis 10. Juni 2019 (Pfingsten) in Rauschenberg werden meine drahtigen Figuren im &#8222;Office 4 Sale&#8220; in der Bahnhofstra\u00dfe 6-8 zu sehen sein. An dem Kunstfest beteiligen sich 80 K\u00fcnstler.<!--more-->\n\n\n\n<h3 class=\"wp-block-heading\">Zw\u00f6lf Ausstellungsorte<\/h3>\n\n\n\n<p>Die Gem\u00e4lde, Skulpturen, Fotografien und anderen Kunstwerke der 80 K\u00fcnstler sind an zw\u00f6lf Ausstellungsorten zu sehen.<\/p>\n\n\n\n<figure class=\"wp-block-image\"><img loading=\"lazy\" decoding=\"async\" width=\"1024\" height=\"468\" src=\"http:\/\/www.drahtige-figuren.de\/wp-content\/uploads\/2019\/05\/Flyer-2019-1-1024x468.gif\" alt=\"\" class=\"wp-image-419\" srcset=\"https:\/\/www.drahtige-figuren.de\/wp-content\/uploads\/2019\/05\/Flyer-2019-1-1024x468.gif 1024w, https:\/\/www.drahtige-figuren.de\/wp-content\/uploads\/2019\/05\/Flyer-2019-1-300x137.gif 300w, https:\/\/www.drahtige-figuren.de\/wp-content\/uploads\/2019\/05\/Flyer-2019-1-768x351.gif 768w, https:\/\/www.drahtige-figuren.de\/wp-content\/uploads\/2019\/05\/Flyer-2019-1-500x229.gif 500w\" sizes=\"auto, (max-width: 1024px) 100vw, 1024px\" \/><\/figure>\n\n\n\n<p>Die \u00d6ffnungszeiten sind Samstag von 13 bis 18 Uhr, am Sonntag und Montag von 10 bis 18 Uhr. Die Vernissage ist am Samstag um 11 Uhr in der Kratz&#8217;schen Scheune, Bahnhofstra\u00dfe 10 a. Landr\u00e4tin Kirsten Fr\u00fcndt, Kreistagsvorsitzender Detlef Ruffert, der Kulturreferent des Landkreises Dr. Markus Morr und B\u00fcrgermeister Michael Emmerich nehmen teil. Jessica Petraccaro-Goertsche f\u00fchrt in die Ausstellung ein. Marie Christine Br\u00fcning sorgt f\u00fcr die Musik.  <\/p>\n\n\n\n<p>Sonntag und Montag ist um 15 Uhr  Tanz von Beatrice Suarez in der Kratz&#8217;schen Scheune, abends \u201ePaint it Pink\u201c im Glashaus.<\/p>\n\n\n\n<p>Der Flyer zur Rauschenale steht hier als PDF-Datei <a rel=\"noreferrer noopener\" aria-label=\"http:\/\/www.drahtige-figuren.de\/wp-content\/uploads\/2019\/05\/Flyer-2019-1.pdf (opens in a new tab)\" href=\"http:\/\/www.drahtige-figuren.de\/wp-content\/uploads\/2019\/05\/Flyer-2019-1.pdf\" target=\"_blank\">Flyer-2019-1.pdf<\/a><\/p>\n<div class=\"twoclick_social_bookmarks_post_417 social_share_privacy clearfix 1.6.4 locale-de_DE sprite-de_DE\"><\/div><div class=\"twoclick-js\"><script type=\"text\/javascript\">\/* <![CDATA[ *\/\njQuery(document).ready(function($){if($('.twoclick_social_bookmarks_post_417')){$('.twoclick_social_bookmarks_post_417').socialSharePrivacy({\"services\":{\"facebook\":{\"status\":\"on\",\"txt_info\":\"2 Klicks f\\u00fcr mehr Datenschutz: Erst wenn Sie hier klicken, wird der Button aktiv und Sie k\\u00f6nnen Ihre Empfehlung an Facebook senden. Schon beim Aktivieren werden Daten an Dritte \\u00fcbertragen - siehe <em>i<\\\/em>.\",\"perma_option\":\"off\",\"action\":\"recommend\",\"language\":\"de_DE\"},\"twitter\":{\"reply_to\":\"\",\"tweet_text\":\"Rauschenale%20%C2%BB%20\",\"status\":\"on\",\"txt_info\":\"2 Klicks f\\u00fcr mehr Datenschutz: Erst wenn Sie hier klicken, wird der Button aktiv und Sie k\\u00f6nnen Ihre Empfehlung an Twitter senden. Schon beim Aktivieren werden Daten an Dritte \\u00fcbertragen - siehe <em>i<\\\/em>.\",\"perma_option\":\"off\",\"language\":\"de\",\"referrer_track\":\"\"},\"gplus\":{\"status\":\"on\",\"txt_info\":\"2 Klicks f\\u00fcr mehr Datenschutz: Erst wenn Sie hier klicken, wird der Button aktiv und Sie k\\u00f6nnen Ihre Empfehlung an Google+ senden. Schon beim Aktivieren werden Daten an Dritte \\u00fcbertragen - siehe <em>i<\\\/em>.\",\"perma_option\":\"off\",\"referrer_track\":\"\"},\"flattr\":{\"uid\":\"\",\"status\":\"on\",\"the_title\":\"Rauschenale\",\"the_excerpt\":\"%0ADas%20Programm%0A%0A%0A%0A%0A%0A%0A%0ABei%20der%20Rauschenale%20vom%208.%20bis%2010.%20Juni%202019%20%28Pfingsten%29%20in%20Rauschenberg%20werden%20meine%20drahtigen%20Figuren%20im%20%22Office%204%20Sale%22%20in%20der%20Bahnhofstra%C3%9Fe%206-8%20zu%20sehen%20sein.%20An%20dem%20Kunstfest%20beteiligen%20sich%2080%20K%C3%BCnstler.%20%28mehr%C2%A0%26hellip%3B%29\",\"txt_info\":\"2 Klicks f\\u00fcr mehr Datenschutz: Erst wenn Sie hier klicken, wird der Button aktiv und Sie k\\u00f6nnen Ihre Empfehlung an Flattr senden. Schon beim Aktivieren werden Daten an Dritte \\u00fcbertragen - siehe <em>i<\\\/em>.\",\"perma_option\":\"off\"},\"xing\":{\"status\":\"on\",\"txt_info\":\"2 Klicks f\\u00fcr mehr Datenschutz: Erst wenn Sie hier klicken, wird der Button aktiv und Sie k\\u00f6nnen Ihre Empfehlung an Xing senden. Schon beim Aktivieren werden Daten an Dritte \\u00fcbertragen - siehe <em>i<\\\/em>.\",\"perma_option\":\"off\",\"language\":\"de\",\"referrer_track\":\"\"},\"linkedin\":{\"status\":\"on\",\"txt_info\":\"2 Klicks f\\u00fcr mehr Datenschutz: Erst wenn Sie hier klicken, wird der Button aktiv und Sie k\\u00f6nnen Ihre Empfehlung an LinkedIn senden. Schon beim Aktivieren werden Daten an Dritte \\u00fcbertragen - siehe <em>i<\\\/em>.\",\"perma_option\":\"off\"}},\"txt_help\":\"Wenn Sie diese Felder durch einen Klick aktivieren, werden Informationen an Facebook, Twitter, Flattr, Xing, t3n, LinkedIn, Pinterest oder Google eventuell ins Ausland \\u00fcbertragen und unter Umst\\u00e4nden auch dort gespeichert. N\\u00e4heres erfahren Sie durch einen Klick auf das <em>i<\\\/em>.\",\"settings_perma\":\"Dauerhaft aktivieren und Daten\\u00fcber-tragung zustimmen:\",\"info_link\":\"http:\\\/\\\/www.heise.de\\\/ct\\\/artikel\\\/2-Klicks-fuer-mehr-Datenschutz-1333879.html\",\"uri\":\"https:\\\/\\\/www.drahtige-figuren.de\\\/?p=417\",\"post_id\":417,\"post_title_referrer_track\":\"Rauschenale\",\"display_infobox\":\"on\"});}});\n\/* ]]> *\/<\/script><\/div>","protected":false},"excerpt":{"rendered":"<p>Das Programm Bei der Rauschenale vom 8. bis 10. Juni 2019 (Pfingsten) in Rauschenberg werden meine drahtigen Figuren im &#8222;Office 4 Sale&#8220; in der Bahnhofstra\u00dfe 6-8 zu sehen sein. An dem Kunstfest beteiligen sich 80 K\u00fcnstler.<\/p>\n","protected":false},"author":1,"featured_media":0,"comment_status":"open","ping_status":"open","sticky":false,"template":"","format":"standard","meta":{"_jetpack_memberships_contains_paid_content":false,"footnotes":""},"categories":[1],"tags":[],"class_list":["post-417","post","type-post","status-publish","format-standard","hentry","category-allgemein"],"yoast_head":"<!-- This site is optimized with the Yoast SEO plugin v27.0 - https:\/\/yoast.com\/product\/yoast-seo-wordpress\/ -->\n<title>Drahtige Figuren bei der Rauschenale an Pfingsten 2019<\/title>\n<meta name=\"description\" content=\"Bei der Rauschenale vom 8. bis 10. Juni 2019 stellt Ursula Rickert-Rieb ihre drahtigen Figuren im Office 4 Sale, Bahnhofstra\u00dfe 6-8 in Rauschenberg aus.\" \/>\n<meta name=\"robots\" content=\"index, follow, max-snippet:-1, max-image-preview:large, max-video-preview:-1\" \/>\n<link rel=\"canonical\" href=\"https:\/\/www.drahtige-figuren.de\/?p=417\" \/>\n<meta name=\"twitter:label1\" content=\"Verfasst von\" \/>\n\t<meta name=\"twitter:data1\" content=\"harpo\" \/>\n\t<meta name=\"twitter:label2\" content=\"Gesch\u00e4tzte Lesezeit\" \/>\n\t<meta name=\"twitter:data2\" content=\"1\u00a0Minute\" \/>\n<script type=\"application\/ld+json\" class=\"yoast-schema-graph\">{\"@context\":\"https:\/\/schema.org\",\"@graph\":[{\"@type\":\"Article\",\"@id\":\"https:\/\/www.drahtige-figuren.de\/?p=417#article\",\"isPartOf\":{\"@id\":\"https:\/\/www.drahtige-figuren.de\/?p=417\"},\"author\":{\"name\":\"harpo\",\"@id\":\"https:\/\/www.drahtige-figuren.de\/#\/schema\/person\/d87d595b1fb89d1ad3b6ecc96af40510\"},\"headline\":\"Rauschenale\",\"datePublished\":\"2019-05-29T15:06:24+00:00\",\"dateModified\":\"2019-05-29T15:09:38+00:00\",\"mainEntityOfPage\":{\"@id\":\"https:\/\/www.drahtige-figuren.de\/?p=417\"},\"wordCount\":155,\"commentCount\":0,\"image\":{\"@id\":\"https:\/\/www.drahtige-figuren.de\/?p=417#primaryimage\"},\"thumbnailUrl\":\"http:\/\/www.drahtige-figuren.de\/wp-content\/uploads\/2019\/05\/Flyer-2019-2.gif\",\"inLanguage\":\"de\",\"potentialAction\":[{\"@type\":\"CommentAction\",\"name\":\"Comment\",\"target\":[\"https:\/\/www.drahtige-figuren.de\/?p=417#respond\"]}]},{\"@type\":\"WebPage\",\"@id\":\"https:\/\/www.drahtige-figuren.de\/?p=417\",\"url\":\"https:\/\/www.drahtige-figuren.de\/?p=417\",\"name\":\"Drahtige Figuren bei der Rauschenale an Pfingsten 2019\",\"isPartOf\":{\"@id\":\"https:\/\/www.drahtige-figuren.de\/#website\"},\"primaryImageOfPage\":{\"@id\":\"https:\/\/www.drahtige-figuren.de\/?p=417#primaryimage\"},\"image\":{\"@id\":\"https:\/\/www.drahtige-figuren.de\/?p=417#primaryimage\"},\"thumbnailUrl\":\"http:\/\/www.drahtige-figuren.de\/wp-content\/uploads\/2019\/05\/Flyer-2019-2.gif\",\"datePublished\":\"2019-05-29T15:06:24+00:00\",\"dateModified\":\"2019-05-29T15:09:38+00:00\",\"author\":{\"@id\":\"https:\/\/www.drahtige-figuren.de\/#\/schema\/person\/d87d595b1fb89d1ad3b6ecc96af40510\"},\"description\":\"Bei der Rauschenale vom 8. bis 10. Juni 2019 stellt Ursula Rickert-Rieb ihre drahtigen Figuren im Office 4 Sale, Bahnhofstra\u00dfe 6-8 in Rauschenberg aus.\",\"breadcrumb\":{\"@id\":\"https:\/\/www.drahtige-figuren.de\/?p=417#breadcrumb\"},\"inLanguage\":\"de\",\"potentialAction\":[{\"@type\":\"ReadAction\",\"target\":[\"https:\/\/www.drahtige-figuren.de\/?p=417\"]}]},{\"@type\":\"ImageObject\",\"inLanguage\":\"de\",\"@id\":\"https:\/\/www.drahtige-figuren.de\/?p=417#primaryimage\",\"url\":\"https:\/\/www.drahtige-figuren.de\/wp-content\/uploads\/2019\/05\/Flyer-2019-2.gif\",\"contentUrl\":\"https:\/\/www.drahtige-figuren.de\/wp-content\/uploads\/2019\/05\/Flyer-2019-2.gif\",\"width\":924,\"height\":603},{\"@type\":\"BreadcrumbList\",\"@id\":\"https:\/\/www.drahtige-figuren.de\/?p=417#breadcrumb\",\"itemListElement\":[{\"@type\":\"ListItem\",\"position\":1,\"name\":\"Home\",\"item\":\"https:\/\/www.drahtige-figuren.de\/\"},{\"@type\":\"ListItem\",\"position\":2,\"name\":\"Rauschenale\"}]},{\"@type\":\"WebSite\",\"@id\":\"https:\/\/www.drahtige-figuren.de\/#website\",\"url\":\"https:\/\/www.drahtige-figuren.de\/\",\"name\":\"\",\"description\":\"\",\"potentialAction\":[{\"@type\":\"SearchAction\",\"target\":{\"@type\":\"EntryPoint\",\"urlTemplate\":\"https:\/\/www.drahtige-figuren.de\/?s={search_term_string}\"},\"query-input\":{\"@type\":\"PropertyValueSpecification\",\"valueRequired\":true,\"valueName\":\"search_term_string\"}}],\"inLanguage\":\"de\"},{\"@type\":\"Person\",\"@id\":\"https:\/\/www.drahtige-figuren.de\/#\/schema\/person\/d87d595b1fb89d1ad3b6ecc96af40510\",\"name\":\"harpo\",\"image\":{\"@type\":\"ImageObject\",\"inLanguage\":\"de\",\"@id\":\"https:\/\/www.drahtige-figuren.de\/#\/schema\/person\/image\/\",\"url\":\"https:\/\/secure.gravatar.com\/avatar\/198bcecc77c146e5ea8d4540d99560b4b486a090b927ff654b2c125224d88117?s=96&d=mm&r=g\",\"contentUrl\":\"https:\/\/secure.gravatar.com\/avatar\/198bcecc77c146e5ea8d4540d99560b4b486a090b927ff654b2c125224d88117?s=96&d=mm&r=g\",\"caption\":\"harpo\"},\"url\":\"https:\/\/www.drahtige-figuren.de\/?author=1\"}]}<\/script>\n<!-- \/ Yoast SEO plugin. -->","yoast_head_json":{"title":"Drahtige Figuren bei der Rauschenale an Pfingsten 2019","description":"Bei der Rauschenale vom 8. bis 10. Juni 2019 stellt Ursula Rickert-Rieb ihre drahtigen Figuren im Office 4 Sale, Bahnhofstra\u00dfe 6-8 in Rauschenberg aus.","robots":{"index":"index","follow":"follow","max-snippet":"max-snippet:-1","max-image-preview":"max-image-preview:large","max-video-preview":"max-video-preview:-1"},"canonical":"https:\/\/www.drahtige-figuren.de\/?p=417","twitter_misc":{"Verfasst von":"harpo","Gesch\u00e4tzte Lesezeit":"1\u00a0Minute"},"schema":{"@context":"https:\/\/schema.org","@graph":[{"@type":"Article","@id":"https:\/\/www.drahtige-figuren.de\/?p=417#article","isPartOf":{"@id":"https:\/\/www.drahtige-figuren.de\/?p=417"},"author":{"name":"harpo","@id":"https:\/\/www.drahtige-figuren.de\/#\/schema\/person\/d87d595b1fb89d1ad3b6ecc96af40510"},"headline":"Rauschenale","datePublished":"2019-05-29T15:06:24+00:00","dateModified":"2019-05-29T15:09:38+00:00","mainEntityOfPage":{"@id":"https:\/\/www.drahtige-figuren.de\/?p=417"},"wordCount":155,"commentCount":0,"image":{"@id":"https:\/\/www.drahtige-figuren.de\/?p=417#primaryimage"},"thumbnailUrl":"http:\/\/www.drahtige-figuren.de\/wp-content\/uploads\/2019\/05\/Flyer-2019-2.gif","inLanguage":"de","potentialAction":[{"@type":"CommentAction","name":"Comment","target":["https:\/\/www.drahtige-figuren.de\/?p=417#respond"]}]},{"@type":"WebPage","@id":"https:\/\/www.drahtige-figuren.de\/?p=417","url":"https:\/\/www.drahtige-figuren.de\/?p=417","name":"Drahtige Figuren bei der Rauschenale an Pfingsten 2019","isPartOf":{"@id":"https:\/\/www.drahtige-figuren.de\/#website"},"primaryImageOfPage":{"@id":"https:\/\/www.drahtige-figuren.de\/?p=417#primaryimage"},"image":{"@id":"https:\/\/www.drahtige-figuren.de\/?p=417#primaryimage"},"thumbnailUrl":"http:\/\/www.drahtige-figuren.de\/wp-content\/uploads\/2019\/05\/Flyer-2019-2.gif","datePublished":"2019-05-29T15:06:24+00:00","dateModified":"2019-05-29T15:09:38+00:00","author":{"@id":"https:\/\/www.drahtige-figuren.de\/#\/schema\/person\/d87d595b1fb89d1ad3b6ecc96af40510"},"description":"Bei der Rauschenale vom 8. bis 10. Juni 2019 stellt Ursula Rickert-Rieb ihre drahtigen Figuren im Office 4 Sale, Bahnhofstra\u00dfe 6-8 in Rauschenberg aus.","breadcrumb":{"@id":"https:\/\/www.drahtige-figuren.de\/?p=417#breadcrumb"},"inLanguage":"de","potentialAction":[{"@type":"ReadAction","target":["https:\/\/www.drahtige-figuren.de\/?p=417"]}]},{"@type":"ImageObject","inLanguage":"de","@id":"https:\/\/www.drahtige-figuren.de\/?p=417#primaryimage","url":"https:\/\/www.drahtige-figuren.de\/wp-content\/uploads\/2019\/05\/Flyer-2019-2.gif","contentUrl":"https:\/\/www.drahtige-figuren.de\/wp-content\/uploads\/2019\/05\/Flyer-2019-2.gif","width":924,"height":603},{"@type":"BreadcrumbList","@id":"https:\/\/www.drahtige-figuren.de\/?p=417#breadcrumb","itemListElement":[{"@type":"ListItem","position":1,"name":"Home","item":"https:\/\/www.drahtige-figuren.de\/"},{"@type":"ListItem","position":2,"name":"Rauschenale"}]},{"@type":"WebSite","@id":"https:\/\/www.drahtige-figuren.de\/#website","url":"https:\/\/www.drahtige-figuren.de\/","name":"","description":"","potentialAction":[{"@type":"SearchAction","target":{"@type":"EntryPoint","urlTemplate":"https:\/\/www.drahtige-figuren.de\/?s={search_term_string}"},"query-input":{"@type":"PropertyValueSpecification","valueRequired":true,"valueName":"search_term_string"}}],"inLanguage":"de"},{"@type":"Person","@id":"https:\/\/www.drahtige-figuren.de\/#\/schema\/person\/d87d595b1fb89d1ad3b6ecc96af40510","name":"harpo","image":{"@type":"ImageObject","inLanguage":"de","@id":"https:\/\/www.drahtige-figuren.de\/#\/schema\/person\/image\/","url":"https:\/\/secure.gravatar.com\/avatar\/198bcecc77c146e5ea8d4540d99560b4b486a090b927ff654b2c125224d88117?s=96&d=mm&r=g","contentUrl":"https:\/\/secure.gravatar.com\/avatar\/198bcecc77c146e5ea8d4540d99560b4b486a090b927ff654b2c125224d88117?s=96&d=mm&r=g","caption":"harpo"},"url":"https:\/\/www.drahtige-figuren.de\/?author=1"}]}},"jetpack_featured_media_url":"","jetpack_sharing_enabled":true,"_links":{"self":[{"href":"https:\/\/www.drahtige-figuren.de\/index.php?rest_route=\/wp\/v2\/posts\/417","targetHints":{"allow":["GET"]}}],"collection":[{"href":"https:\/\/www.drahtige-figuren.de\/index.php?rest_route=\/wp\/v2\/posts"}],"about":[{"href":"https:\/\/www.drahtige-figuren.de\/index.php?rest_route=\/wp\/v2\/types\/post"}],"author":[{"embeddable":true,"href":"https:\/\/www.drahtige-figuren.de\/index.php?rest_route=\/wp\/v2\/users\/1"}],"replies":[{"embeddable":true,"href":"https:\/\/www.drahtige-figuren.de\/index.php?rest_route=%2Fwp%2Fv2%2Fcomments&post=417"}],"version-history":[{"count":2,"href":"https:\/\/www.drahtige-figuren.de\/index.php?rest_route=\/wp\/v2\/posts\/417\/revisions"}],"predecessor-version":[{"id":424,"href":"https:\/\/www.drahtige-figuren.de\/index.php?rest_route=\/wp\/v2\/posts\/417\/revisions\/424"}],"wp:attachment":[{"href":"https:\/\/www.drahtige-figuren.de\/index.php?rest_route=%2Fwp%2Fv2%2Fmedia&parent=417"}],"wp:term":[{"taxonomy":"category","embeddable":true,"href":"https:\/\/www.drahtige-figuren.de\/index.php?rest_route=%2Fwp%2Fv2%2Fcategories&post=417"},{"taxonomy":"post_tag","embeddable":true,"href":"https:\/\/www.drahtige-figuren.de\/index.php?rest_route=%2Fwp%2Fv2%2Ftags&post=417"}],"curies":[{"name":"wp","href":"https:\/\/api.w.org\/{rel}","templated":true}]}}