{"id":497,"date":"2022-11-22T14:14:12","date_gmt":"2022-11-22T12:14:12","guid":{"rendered":"https:\/\/www.drahtige-figuren.de\/?p=497"},"modified":"2022-11-22T14:14:13","modified_gmt":"2022-11-22T12:14:13","slug":"weihnachtsmarkt-heyligenstaedt","status":"publish","type":"post","link":"https:\/\/www.drahtige-figuren.de\/?p=497","title":{"rendered":"Weihnachtsmarkt heyligenstaedt"},"content":{"rendered":"\n<p>Ich stelle meine drahtigen Figuren beim Weihnachtsmarkt im heyligenstaedt am Sonntag, 4. Dezember 2022, in Gie\u00dfen aus. <\/p>\n\n\n\n<figure class=\"wp-block-image size-full\"><a href=\"https:\/\/www.drahtige-figuren.de\/wp-content\/uploads\/2022\/11\/Heyligenstaedt.gif\"><img loading=\"lazy\" decoding=\"async\" width=\"867\" height=\"562\" src=\"https:\/\/www.drahtige-figuren.de\/wp-content\/uploads\/2022\/11\/Heyligenstaedt.gif\" alt=\"\" class=\"wp-image-498\"\/><\/a><\/figure>\n\n\n\n<p>Ein sehr interessanter Ort: es ist ein Hotel und Restaurant in einem denkmalgesch\u00fctzten Industriegeb\u00e4ude aus dem Jahr 1876. Aus dem einstigen Werkzeugfabrikgeb\u00e4ude entstand 2012 das heutige Hotel &amp; Restaurant heyligenstaedt. Dabei blieb die Architektonik des Industriedenkmals komplett erhalten. Die schlichte Industriearchitektur wurde modern interpretiert und in Szene gesetzt. Die Gastgeber Bettina und Markus Leidner verbinden zwei K\u00fcnste: Kochkunst und Baukunst. Sie wollen mit ihrem Weihnachtsmakrt \u201eein bezauberndes Fest mit Gl\u00fchwein, exzellentem Essen und allem was dazu geh\u00f6rt feiern\u201c, schreiben sie in ihrer Einladung.<\/p>\n\n\n\n<p>Der Weihnachtsmarkt im Hotel und Restaurant heyligenstaedt ist am Sonntag, 4. Dezember 2022, von 11 bis 18 Uhr. Die Adress ist Aulweg 41 in 35392 Gie\u00dfen.<\/p>\n\n\n\n<p> <\/p>\n<div class=\"twoclick_social_bookmarks_post_497 social_share_privacy clearfix 1.6.4 locale-de_DE sprite-de_DE\"><\/div><div class=\"twoclick-js\"><script type=\"text\/javascript\">\/* <![CDATA[ *\/\njQuery(document).ready(function($){if($('.twoclick_social_bookmarks_post_497')){$('.twoclick_social_bookmarks_post_497').socialSharePrivacy({\"services\":{\"facebook\":{\"status\":\"on\",\"txt_info\":\"2 Klicks f\\u00fcr mehr Datenschutz: Erst wenn Sie hier klicken, wird der Button aktiv und Sie k\\u00f6nnen Ihre Empfehlung an Facebook senden. Schon beim Aktivieren werden Daten an Dritte \\u00fcbertragen - siehe <em>i<\\\/em>.\",\"perma_option\":\"off\",\"action\":\"recommend\",\"language\":\"de_DE\"},\"twitter\":{\"reply_to\":\"\",\"tweet_text\":\"Weihnachtsmarkt%20heyligenstaedt%20%C2%BB%20\",\"status\":\"on\",\"txt_info\":\"2 Klicks f\\u00fcr mehr Datenschutz: Erst wenn Sie hier klicken, wird der Button aktiv und Sie k\\u00f6nnen Ihre Empfehlung an Twitter senden. Schon beim Aktivieren werden Daten an Dritte \\u00fcbertragen - siehe <em>i<\\\/em>.\",\"perma_option\":\"off\",\"language\":\"de\",\"referrer_track\":\"\"},\"gplus\":{\"status\":\"on\",\"txt_info\":\"2 Klicks f\\u00fcr mehr Datenschutz: Erst wenn Sie hier klicken, wird der Button aktiv und Sie k\\u00f6nnen Ihre Empfehlung an Google+ senden. Schon beim Aktivieren werden Daten an Dritte \\u00fcbertragen - siehe <em>i<\\\/em>.\",\"perma_option\":\"off\",\"referrer_track\":\"\"},\"flattr\":{\"uid\":\"\",\"status\":\"on\",\"the_title\":\"Weihnachtsmarkt%20heyligenstaedt\",\"the_excerpt\":\"%0AIch%20stelle%20meine%20drahtigen%20Figuren%20beim%20Weihnachtsmarkt%20im%20heyligenstaedt%20am%20Sonntag%2C%204.%20Dezember%202022%2C%20in%20Gie%C3%9Fen%20aus.%20%0A%0A%0A%0A%0A%0A%0A%0AEin%20sehr%20interessanter%20Ort%3A%20es%20ist%20ein%20Hotel%20und%20Restaurant%20in%20einem%20denkmalgesch%C3%BCtzten%20Industriegeb%C3%A4ude%20aus%20dem%20Jahr%201876.%20Aus%20dem%20einstigen%20Werkzeugfabrikgeb%C3%A4ude%20entstand%202012%20das%20heutige%20Hotel%20%26amp%3B%20Restaurant%20heyligenstaedt.%20Dabei%20blieb%20die%20Architektonik%20des%20Indus%20...\",\"txt_info\":\"2 Klicks f\\u00fcr mehr Datenschutz: Erst wenn Sie hier klicken, wird der Button aktiv und Sie k\\u00f6nnen Ihre Empfehlung an Flattr senden. Schon beim Aktivieren werden Daten an Dritte \\u00fcbertragen - siehe <em>i<\\\/em>.\",\"perma_option\":\"off\"},\"xing\":{\"status\":\"on\",\"txt_info\":\"2 Klicks f\\u00fcr mehr Datenschutz: Erst wenn Sie hier klicken, wird der Button aktiv und Sie k\\u00f6nnen Ihre Empfehlung an Xing senden. Schon beim Aktivieren werden Daten an Dritte \\u00fcbertragen - siehe <em>i<\\\/em>.\",\"perma_option\":\"off\",\"language\":\"de\",\"referrer_track\":\"\"},\"linkedin\":{\"status\":\"on\",\"txt_info\":\"2 Klicks f\\u00fcr mehr Datenschutz: Erst wenn Sie hier klicken, wird der Button aktiv und Sie k\\u00f6nnen Ihre Empfehlung an LinkedIn senden. Schon beim Aktivieren werden Daten an Dritte \\u00fcbertragen - siehe <em>i<\\\/em>.\",\"perma_option\":\"off\"}},\"txt_help\":\"Wenn Sie diese Felder durch einen Klick aktivieren, werden Informationen an Facebook, Twitter, Flattr, Xing, t3n, LinkedIn, Pinterest oder Google eventuell ins Ausland \\u00fcbertragen und unter Umst\\u00e4nden auch dort gespeichert. N\\u00e4heres erfahren Sie durch einen Klick auf das <em>i<\\\/em>.\",\"settings_perma\":\"Dauerhaft aktivieren und Daten\\u00fcber-tragung zustimmen:\",\"info_link\":\"http:\\\/\\\/www.heise.de\\\/ct\\\/artikel\\\/2-Klicks-fuer-mehr-Datenschutz-1333879.html\",\"uri\":\"https:\\\/\\\/www.drahtige-figuren.de\\\/?p=497\",\"post_id\":497,\"post_title_referrer_track\":\"Weihnachtsmarkt+heyligenstaedt\",\"display_infobox\":\"on\"});}});\n\/* ]]> *\/<\/script><\/div>","protected":false},"excerpt":{"rendered":"<p>Ich stelle meine drahtigen Figuren beim Weihnachtsmarkt im heyligenstaedt am Sonntag, 4. Dezember 2022, in Gie\u00dfen aus. Ein sehr interessanter Ort: es ist ein Hotel und Restaurant in einem denkmalgesch\u00fctzten Industriegeb\u00e4ude aus dem Jahr 1876. Aus dem einstigen Werkzeugfabrikgeb\u00e4ude entstand &hellip; <a href=\"https:\/\/www.drahtige-figuren.de\/?p=497\">Weiterlesen <span class=\"meta-nav\">&rarr;<\/span><\/a><\/p>\n","protected":false},"author":1,"featured_media":0,"comment_status":"open","ping_status":"open","sticky":false,"template":"","format":"standard","meta":{"_jetpack_memberships_contains_paid_content":false,"footnotes":""},"categories":[1],"tags":[],"class_list":["post-497","post","type-post","status-publish","format-standard","hentry","category-allgemein"],"yoast_head":"<!-- This site is optimized with the Yoast SEO plugin v27.0 - https:\/\/yoast.com\/product\/yoast-seo-wordpress\/ -->\n<title>drahtige Figuren beim Weihnachtsmarkt heyligenstaedt<\/title>\n<meta name=\"description\" content=\"drahtige Figuren sind beim Weihnachtsmarkt heyligenstaedt am 2. Advent, 4. Dezember 2022 in Gie\u00dfen zu sehen\" \/>\n<meta name=\"robots\" content=\"index, follow, max-snippet:-1, max-image-preview:large, max-video-preview:-1\" \/>\n<link rel=\"canonical\" href=\"https:\/\/www.drahtige-figuren.de\/?p=497\" \/>\n<meta name=\"twitter:label1\" content=\"Verfasst von\" \/>\n\t<meta name=\"twitter:data1\" content=\"harpo\" \/>\n\t<meta name=\"twitter:label2\" content=\"Gesch\u00e4tzte Lesezeit\" \/>\n\t<meta name=\"twitter:data2\" content=\"1\u00a0Minute\" \/>\n<script type=\"application\/ld+json\" class=\"yoast-schema-graph\">{\"@context\":\"https:\/\/schema.org\",\"@graph\":[{\"@type\":\"Article\",\"@id\":\"https:\/\/www.drahtige-figuren.de\/?p=497#article\",\"isPartOf\":{\"@id\":\"https:\/\/www.drahtige-figuren.de\/?p=497\"},\"author\":{\"name\":\"harpo\",\"@id\":\"https:\/\/www.drahtige-figuren.de\/#\/schema\/person\/d87d595b1fb89d1ad3b6ecc96af40510\"},\"headline\":\"Weihnachtsmarkt heyligenstaedt\",\"datePublished\":\"2022-11-22T12:14:12+00:00\",\"dateModified\":\"2022-11-22T12:14:13+00:00\",\"mainEntityOfPage\":{\"@id\":\"https:\/\/www.drahtige-figuren.de\/?p=497\"},\"wordCount\":126,\"commentCount\":0,\"image\":{\"@id\":\"https:\/\/www.drahtige-figuren.de\/?p=497#primaryimage\"},\"thumbnailUrl\":\"https:\/\/www.drahtige-figuren.de\/wp-content\/uploads\/2022\/11\/Heyligenstaedt.gif\",\"inLanguage\":\"de\",\"potentialAction\":[{\"@type\":\"CommentAction\",\"name\":\"Comment\",\"target\":[\"https:\/\/www.drahtige-figuren.de\/?p=497#respond\"]}]},{\"@type\":\"WebPage\",\"@id\":\"https:\/\/www.drahtige-figuren.de\/?p=497\",\"url\":\"https:\/\/www.drahtige-figuren.de\/?p=497\",\"name\":\"drahtige Figuren beim Weihnachtsmarkt heyligenstaedt\",\"isPartOf\":{\"@id\":\"https:\/\/www.drahtige-figuren.de\/#website\"},\"primaryImageOfPage\":{\"@id\":\"https:\/\/www.drahtige-figuren.de\/?p=497#primaryimage\"},\"image\":{\"@id\":\"https:\/\/www.drahtige-figuren.de\/?p=497#primaryimage\"},\"thumbnailUrl\":\"https:\/\/www.drahtige-figuren.de\/wp-content\/uploads\/2022\/11\/Heyligenstaedt.gif\",\"datePublished\":\"2022-11-22T12:14:12+00:00\",\"dateModified\":\"2022-11-22T12:14:13+00:00\",\"author\":{\"@id\":\"https:\/\/www.drahtige-figuren.de\/#\/schema\/person\/d87d595b1fb89d1ad3b6ecc96af40510\"},\"description\":\"drahtige Figuren sind beim Weihnachtsmarkt heyligenstaedt am 2. Advent, 4. Dezember 2022 in Gie\u00dfen zu sehen\",\"breadcrumb\":{\"@id\":\"https:\/\/www.drahtige-figuren.de\/?p=497#breadcrumb\"},\"inLanguage\":\"de\",\"potentialAction\":[{\"@type\":\"ReadAction\",\"target\":[\"https:\/\/www.drahtige-figuren.de\/?p=497\"]}]},{\"@type\":\"ImageObject\",\"inLanguage\":\"de\",\"@id\":\"https:\/\/www.drahtige-figuren.de\/?p=497#primaryimage\",\"url\":\"https:\/\/www.drahtige-figuren.de\/wp-content\/uploads\/2022\/11\/Heyligenstaedt.gif\",\"contentUrl\":\"https:\/\/www.drahtige-figuren.de\/wp-content\/uploads\/2022\/11\/Heyligenstaedt.gif\",\"width\":867,\"height\":562},{\"@type\":\"BreadcrumbList\",\"@id\":\"https:\/\/www.drahtige-figuren.de\/?p=497#breadcrumb\",\"itemListElement\":[{\"@type\":\"ListItem\",\"position\":1,\"name\":\"Home\",\"item\":\"https:\/\/www.drahtige-figuren.de\/\"},{\"@type\":\"ListItem\",\"position\":2,\"name\":\"Weihnachtsmarkt heyligenstaedt\"}]},{\"@type\":\"WebSite\",\"@id\":\"https:\/\/www.drahtige-figuren.de\/#website\",\"url\":\"https:\/\/www.drahtige-figuren.de\/\",\"name\":\"\",\"description\":\"\",\"potentialAction\":[{\"@type\":\"SearchAction\",\"target\":{\"@type\":\"EntryPoint\",\"urlTemplate\":\"https:\/\/www.drahtige-figuren.de\/?s={search_term_string}\"},\"query-input\":{\"@type\":\"PropertyValueSpecification\",\"valueRequired\":true,\"valueName\":\"search_term_string\"}}],\"inLanguage\":\"de\"},{\"@type\":\"Person\",\"@id\":\"https:\/\/www.drahtige-figuren.de\/#\/schema\/person\/d87d595b1fb89d1ad3b6ecc96af40510\",\"name\":\"harpo\",\"image\":{\"@type\":\"ImageObject\",\"inLanguage\":\"de\",\"@id\":\"https:\/\/www.drahtige-figuren.de\/#\/schema\/person\/image\/\",\"url\":\"https:\/\/secure.gravatar.com\/avatar\/198bcecc77c146e5ea8d4540d99560b4b486a090b927ff654b2c125224d88117?s=96&d=mm&r=g\",\"contentUrl\":\"https:\/\/secure.gravatar.com\/avatar\/198bcecc77c146e5ea8d4540d99560b4b486a090b927ff654b2c125224d88117?s=96&d=mm&r=g\",\"caption\":\"harpo\"},\"url\":\"https:\/\/www.drahtige-figuren.de\/?author=1\"}]}<\/script>\n<!-- \/ Yoast SEO plugin. -->","yoast_head_json":{"title":"drahtige Figuren beim Weihnachtsmarkt heyligenstaedt","description":"drahtige Figuren sind beim Weihnachtsmarkt heyligenstaedt am 2. Advent, 4. Dezember 2022 in Gie\u00dfen zu sehen","robots":{"index":"index","follow":"follow","max-snippet":"max-snippet:-1","max-image-preview":"max-image-preview:large","max-video-preview":"max-video-preview:-1"},"canonical":"https:\/\/www.drahtige-figuren.de\/?p=497","twitter_misc":{"Verfasst von":"harpo","Gesch\u00e4tzte Lesezeit":"1\u00a0Minute"},"schema":{"@context":"https:\/\/schema.org","@graph":[{"@type":"Article","@id":"https:\/\/www.drahtige-figuren.de\/?p=497#article","isPartOf":{"@id":"https:\/\/www.drahtige-figuren.de\/?p=497"},"author":{"name":"harpo","@id":"https:\/\/www.drahtige-figuren.de\/#\/schema\/person\/d87d595b1fb89d1ad3b6ecc96af40510"},"headline":"Weihnachtsmarkt heyligenstaedt","datePublished":"2022-11-22T12:14:12+00:00","dateModified":"2022-11-22T12:14:13+00:00","mainEntityOfPage":{"@id":"https:\/\/www.drahtige-figuren.de\/?p=497"},"wordCount":126,"commentCount":0,"image":{"@id":"https:\/\/www.drahtige-figuren.de\/?p=497#primaryimage"},"thumbnailUrl":"https:\/\/www.drahtige-figuren.de\/wp-content\/uploads\/2022\/11\/Heyligenstaedt.gif","inLanguage":"de","potentialAction":[{"@type":"CommentAction","name":"Comment","target":["https:\/\/www.drahtige-figuren.de\/?p=497#respond"]}]},{"@type":"WebPage","@id":"https:\/\/www.drahtige-figuren.de\/?p=497","url":"https:\/\/www.drahtige-figuren.de\/?p=497","name":"drahtige Figuren beim Weihnachtsmarkt heyligenstaedt","isPartOf":{"@id":"https:\/\/www.drahtige-figuren.de\/#website"},"primaryImageOfPage":{"@id":"https:\/\/www.drahtige-figuren.de\/?p=497#primaryimage"},"image":{"@id":"https:\/\/www.drahtige-figuren.de\/?p=497#primaryimage"},"thumbnailUrl":"https:\/\/www.drahtige-figuren.de\/wp-content\/uploads\/2022\/11\/Heyligenstaedt.gif","datePublished":"2022-11-22T12:14:12+00:00","dateModified":"2022-11-22T12:14:13+00:00","author":{"@id":"https:\/\/www.drahtige-figuren.de\/#\/schema\/person\/d87d595b1fb89d1ad3b6ecc96af40510"},"description":"drahtige Figuren sind beim Weihnachtsmarkt heyligenstaedt am 2. Advent, 4. Dezember 2022 in Gie\u00dfen zu sehen","breadcrumb":{"@id":"https:\/\/www.drahtige-figuren.de\/?p=497#breadcrumb"},"inLanguage":"de","potentialAction":[{"@type":"ReadAction","target":["https:\/\/www.drahtige-figuren.de\/?p=497"]}]},{"@type":"ImageObject","inLanguage":"de","@id":"https:\/\/www.drahtige-figuren.de\/?p=497#primaryimage","url":"https:\/\/www.drahtige-figuren.de\/wp-content\/uploads\/2022\/11\/Heyligenstaedt.gif","contentUrl":"https:\/\/www.drahtige-figuren.de\/wp-content\/uploads\/2022\/11\/Heyligenstaedt.gif","width":867,"height":562},{"@type":"BreadcrumbList","@id":"https:\/\/www.drahtige-figuren.de\/?p=497#breadcrumb","itemListElement":[{"@type":"ListItem","position":1,"name":"Home","item":"https:\/\/www.drahtige-figuren.de\/"},{"@type":"ListItem","position":2,"name":"Weihnachtsmarkt heyligenstaedt"}]},{"@type":"WebSite","@id":"https:\/\/www.drahtige-figuren.de\/#website","url":"https:\/\/www.drahtige-figuren.de\/","name":"","description":"","potentialAction":[{"@type":"SearchAction","target":{"@type":"EntryPoint","urlTemplate":"https:\/\/www.drahtige-figuren.de\/?s={search_term_string}"},"query-input":{"@type":"PropertyValueSpecification","valueRequired":true,"valueName":"search_term_string"}}],"inLanguage":"de"},{"@type":"Person","@id":"https:\/\/www.drahtige-figuren.de\/#\/schema\/person\/d87d595b1fb89d1ad3b6ecc96af40510","name":"harpo","image":{"@type":"ImageObject","inLanguage":"de","@id":"https:\/\/www.drahtige-figuren.de\/#\/schema\/person\/image\/","url":"https:\/\/secure.gravatar.com\/avatar\/198bcecc77c146e5ea8d4540d99560b4b486a090b927ff654b2c125224d88117?s=96&d=mm&r=g","contentUrl":"https:\/\/secure.gravatar.com\/avatar\/198bcecc77c146e5ea8d4540d99560b4b486a090b927ff654b2c125224d88117?s=96&d=mm&r=g","caption":"harpo"},"url":"https:\/\/www.drahtige-figuren.de\/?author=1"}]}},"jetpack_featured_media_url":"","jetpack_sharing_enabled":true,"_links":{"self":[{"href":"https:\/\/www.drahtige-figuren.de\/index.php?rest_route=\/wp\/v2\/posts\/497","targetHints":{"allow":["GET"]}}],"collection":[{"href":"https:\/\/www.drahtige-figuren.de\/index.php?rest_route=\/wp\/v2\/posts"}],"about":[{"href":"https:\/\/www.drahtige-figuren.de\/index.php?rest_route=\/wp\/v2\/types\/post"}],"author":[{"embeddable":true,"href":"https:\/\/www.drahtige-figuren.de\/index.php?rest_route=\/wp\/v2\/users\/1"}],"replies":[{"embeddable":true,"href":"https:\/\/www.drahtige-figuren.de\/index.php?rest_route=%2Fwp%2Fv2%2Fcomments&post=497"}],"version-history":[{"count":2,"href":"https:\/\/www.drahtige-figuren.de\/index.php?rest_route=\/wp\/v2\/posts\/497\/revisions"}],"predecessor-version":[{"id":500,"href":"https:\/\/www.drahtige-figuren.de\/index.php?rest_route=\/wp\/v2\/posts\/497\/revisions\/500"}],"wp:attachment":[{"href":"https:\/\/www.drahtige-figuren.de\/index.php?rest_route=%2Fwp%2Fv2%2Fmedia&parent=497"}],"wp:term":[{"taxonomy":"category","embeddable":true,"href":"https:\/\/www.drahtige-figuren.de\/index.php?rest_route=%2Fwp%2Fv2%2Fcategories&post=497"},{"taxonomy":"post_tag","embeddable":true,"href":"https:\/\/www.drahtige-figuren.de\/index.php?rest_route=%2Fwp%2Fv2%2Ftags&post=497"}],"curies":[{"name":"wp","href":"https:\/\/api.w.org\/{rel}","templated":true}]}}