{"id":506,"date":"2023-08-12T16:37:27","date_gmt":"2023-08-12T14:37:27","guid":{"rendered":"https:\/\/www.drahtige-figuren.de\/?p=506"},"modified":"2023-08-12T16:37:28","modified_gmt":"2023-08-12T14:37:28","slug":"kunst-in-licher-scheunen-2023","status":"publish","type":"post","link":"https:\/\/www.drahtige-figuren.de\/?p=506","title":{"rendered":"Kunst in Licher Scheunen 2023"},"content":{"rendered":"<div class=\"wp-block-image\">\n<figure class=\"alignleft size-large is-resized\"><a href=\"https:\/\/www.drahtige-figuren.de\/wp-content\/uploads\/2023\/08\/1000000919.gif\"><img loading=\"lazy\" decoding=\"async\" src=\"https:\/\/www.drahtige-figuren.de\/wp-content\/uploads\/2023\/08\/1000000919-733x1024.gif\" alt=\"\" class=\"wp-image-507\" style=\"width:131px;height:183px\" width=\"131\" height=\"183\" srcset=\"https:\/\/www.drahtige-figuren.de\/wp-content\/uploads\/2023\/08\/1000000919-733x1024.gif 733w, https:\/\/www.drahtige-figuren.de\/wp-content\/uploads\/2023\/08\/1000000919-215x300.gif 215w, https:\/\/www.drahtige-figuren.de\/wp-content\/uploads\/2023\/08\/1000000919-768x1073.gif 768w\" sizes=\"auto, (max-width: 131px) 100vw, 131px\" \/><\/a><\/figure>\n<\/div>\n\n\nIch beteilige mich mit meinen <em>drahtigen figuren<\/em> wieder an einer der sch\u00f6nsten Ausstellungen der Region: Kunst in Licher Scheunen am 9. und 10. September 2023.<!--more-->\n\n\n\n<p>Nicht nur die Werke der rund 80 beteiligten K\u00fcnstler sind sehenswert, auch die 50 Ausstellungsorte, besonders die historischen Scheunen, die an diesen beiden Tagen ihre Tore \u00f6ffnen. Die K\u00fcnstler zeigen Skulpturen, Fotografien, Federzeichnungen, Acryl- und \u00d6lmalerei, Collagen und vieles mehr.<\/p>\n\n\n<div class=\"wp-block-image\">\n<figure class=\"aligncenter size-full\"><a href=\"https:\/\/www.drahtige-figuren.de\/wp-content\/uploads\/2023\/08\/lich.gif\"><img loading=\"lazy\" decoding=\"async\" width=\"850\" height=\"561\" src=\"https:\/\/www.drahtige-figuren.de\/wp-content\/uploads\/2023\/08\/lich.gif\" alt=\"\" class=\"wp-image-510\"\/><\/a><\/figure>\n<\/div>\n\n\n<p>Der Schwerpunkt ist in diesem Jahr &#8222;Jeder Mensch ist ein K\u00fcnstler&#8220;. Die Besucher haben an mehreren Orten die M\u00f6glichkeit, sich unter Anleitung der Aussteller auszuprobieren.<\/p>\n\n\n\n<p>Ich bin mit meinen Figuren in der Werkstatt von Familie D\u00f6rmer in der Oberstadt 11.<\/p>\n<div class=\"twoclick_social_bookmarks_post_506 social_share_privacy clearfix 1.6.4 locale-de_DE sprite-de_DE\"><\/div><div class=\"twoclick-js\"><script type=\"text\/javascript\">\/* <![CDATA[ *\/\njQuery(document).ready(function($){if($('.twoclick_social_bookmarks_post_506')){$('.twoclick_social_bookmarks_post_506').socialSharePrivacy({\"services\":{\"facebook\":{\"status\":\"on\",\"txt_info\":\"2 Klicks f\\u00fcr mehr Datenschutz: Erst wenn Sie hier klicken, wird der Button aktiv und Sie k\\u00f6nnen Ihre Empfehlung an Facebook senden. Schon beim Aktivieren werden Daten an Dritte \\u00fcbertragen - siehe <em>i<\\\/em>.\",\"perma_option\":\"off\",\"action\":\"recommend\",\"language\":\"de_DE\"},\"twitter\":{\"reply_to\":\"\",\"tweet_text\":\"Kunst%20in%20Licher%20Scheunen%202023%20%C2%BB%20\",\"status\":\"on\",\"txt_info\":\"2 Klicks f\\u00fcr mehr Datenschutz: Erst wenn Sie hier klicken, wird der Button aktiv und Sie k\\u00f6nnen Ihre Empfehlung an Twitter senden. Schon beim Aktivieren werden Daten an Dritte \\u00fcbertragen - siehe <em>i<\\\/em>.\",\"perma_option\":\"off\",\"language\":\"de\",\"referrer_track\":\"\"},\"gplus\":{\"status\":\"on\",\"txt_info\":\"2 Klicks f\\u00fcr mehr Datenschutz: Erst wenn Sie hier klicken, wird der Button aktiv und Sie k\\u00f6nnen Ihre Empfehlung an Google+ senden. Schon beim Aktivieren werden Daten an Dritte \\u00fcbertragen - siehe <em>i<\\\/em>.\",\"perma_option\":\"off\",\"referrer_track\":\"\"},\"flattr\":{\"uid\":\"\",\"status\":\"on\",\"the_title\":\"Kunst%20in%20Licher%20Scheunen%202023\",\"the_excerpt\":\"%0A%0A%0A%0A%0AIch%20beteilige%20mich%20mit%20meinen%20drahtigen%20figuren%20wieder%20an%20einer%20der%20sch%C3%B6nsten%20Ausstellungen%20der%20Region%3A%20Kunst%20in%20Licher%20Scheunen%20am%209.%20und%2010.%20September%202023.%20%28mehr%C2%A0%26hellip%3B%29\",\"txt_info\":\"2 Klicks f\\u00fcr mehr Datenschutz: Erst wenn Sie hier klicken, wird der Button aktiv und Sie k\\u00f6nnen Ihre Empfehlung an Flattr senden. Schon beim Aktivieren werden Daten an Dritte \\u00fcbertragen - siehe <em>i<\\\/em>.\",\"perma_option\":\"off\"},\"xing\":{\"status\":\"on\",\"txt_info\":\"2 Klicks f\\u00fcr mehr Datenschutz: Erst wenn Sie hier klicken, wird der Button aktiv und Sie k\\u00f6nnen Ihre Empfehlung an Xing senden. Schon beim Aktivieren werden Daten an Dritte \\u00fcbertragen - siehe <em>i<\\\/em>.\",\"perma_option\":\"off\",\"language\":\"de\",\"referrer_track\":\"\"},\"linkedin\":{\"status\":\"on\",\"txt_info\":\"2 Klicks f\\u00fcr mehr Datenschutz: Erst wenn Sie hier klicken, wird der Button aktiv und Sie k\\u00f6nnen Ihre Empfehlung an LinkedIn senden. Schon beim Aktivieren werden Daten an Dritte \\u00fcbertragen - siehe <em>i<\\\/em>.\",\"perma_option\":\"off\"}},\"txt_help\":\"Wenn Sie diese Felder durch einen Klick aktivieren, werden Informationen an Facebook, Twitter, Flattr, Xing, t3n, LinkedIn, Pinterest oder Google eventuell ins Ausland \\u00fcbertragen und unter Umst\\u00e4nden auch dort gespeichert. N\\u00e4heres erfahren Sie durch einen Klick auf das <em>i<\\\/em>.\",\"settings_perma\":\"Dauerhaft aktivieren und Daten\\u00fcber-tragung zustimmen:\",\"info_link\":\"http:\\\/\\\/www.heise.de\\\/ct\\\/artikel\\\/2-Klicks-fuer-mehr-Datenschutz-1333879.html\",\"uri\":\"https:\\\/\\\/www.drahtige-figuren.de\\\/?p=506\",\"post_id\":506,\"post_title_referrer_track\":\"Kunst+in+Licher+Scheunen+2023\",\"display_infobox\":\"on\"});}});\n\/* ]]> *\/<\/script><\/div>","protected":false},"excerpt":{"rendered":"<p>Ich beteilige mich mit meinen drahtigen figuren wieder an einer der sch\u00f6nsten Ausstellungen der Region: Kunst in Licher Scheunen am 9. und 10. September 2023.<\/p>\n","protected":false},"author":1,"featured_media":0,"comment_status":"open","ping_status":"open","sticky":false,"template":"","format":"standard","meta":{"_jetpack_memberships_contains_paid_content":false,"footnotes":""},"categories":[1],"tags":[],"class_list":["post-506","post","type-post","status-publish","format-standard","hentry","category-allgemein"],"yoast_head":"<!-- This site is optimized with the Yoast SEO plugin v27.0 - https:\/\/yoast.com\/product\/yoast-seo-wordpress\/ -->\n<title>Kunst in Licher Scheunen 9. und 10. September 2023<\/title>\n<meta name=\"description\" content=\"&quot;Drahtige Figuren&quot; bei Kunst in Licher Scheunen am 9. und 10. September 2023 in der Werkstatt der Familie D\u00f6rmer, Oberstadt 11\" \/>\n<meta name=\"robots\" content=\"index, follow, max-snippet:-1, max-image-preview:large, max-video-preview:-1\" \/>\n<link rel=\"canonical\" href=\"https:\/\/www.drahtige-figuren.de\/?p=506\" \/>\n<meta name=\"twitter:label1\" content=\"Verfasst von\" \/>\n\t<meta name=\"twitter:data1\" content=\"harpo\" \/>\n\t<meta name=\"twitter:label2\" content=\"Gesch\u00e4tzte Lesezeit\" \/>\n\t<meta name=\"twitter:data2\" content=\"1\u00a0Minute\" \/>\n<script type=\"application\/ld+json\" class=\"yoast-schema-graph\">{\"@context\":\"https:\/\/schema.org\",\"@graph\":[{\"@type\":\"Article\",\"@id\":\"https:\/\/www.drahtige-figuren.de\/?p=506#article\",\"isPartOf\":{\"@id\":\"https:\/\/www.drahtige-figuren.de\/?p=506\"},\"author\":{\"name\":\"harpo\",\"@id\":\"https:\/\/www.drahtige-figuren.de\/#\/schema\/person\/d87d595b1fb89d1ad3b6ecc96af40510\"},\"headline\":\"Kunst in Licher Scheunen 2023\",\"datePublished\":\"2023-08-12T14:37:27+00:00\",\"dateModified\":\"2023-08-12T14:37:28+00:00\",\"mainEntityOfPage\":{\"@id\":\"https:\/\/www.drahtige-figuren.de\/?p=506\"},\"wordCount\":109,\"commentCount\":0,\"image\":{\"@id\":\"https:\/\/www.drahtige-figuren.de\/?p=506#primaryimage\"},\"thumbnailUrl\":\"https:\/\/www.drahtige-figuren.de\/wp-content\/uploads\/2023\/08\/1000000919-733x1024.gif\",\"inLanguage\":\"de\",\"potentialAction\":[{\"@type\":\"CommentAction\",\"name\":\"Comment\",\"target\":[\"https:\/\/www.drahtige-figuren.de\/?p=506#respond\"]}]},{\"@type\":\"WebPage\",\"@id\":\"https:\/\/www.drahtige-figuren.de\/?p=506\",\"url\":\"https:\/\/www.drahtige-figuren.de\/?p=506\",\"name\":\"Kunst in Licher Scheunen 9. und 10. September 2023\",\"isPartOf\":{\"@id\":\"https:\/\/www.drahtige-figuren.de\/#website\"},\"primaryImageOfPage\":{\"@id\":\"https:\/\/www.drahtige-figuren.de\/?p=506#primaryimage\"},\"image\":{\"@id\":\"https:\/\/www.drahtige-figuren.de\/?p=506#primaryimage\"},\"thumbnailUrl\":\"https:\/\/www.drahtige-figuren.de\/wp-content\/uploads\/2023\/08\/1000000919-733x1024.gif\",\"datePublished\":\"2023-08-12T14:37:27+00:00\",\"dateModified\":\"2023-08-12T14:37:28+00:00\",\"author\":{\"@id\":\"https:\/\/www.drahtige-figuren.de\/#\/schema\/person\/d87d595b1fb89d1ad3b6ecc96af40510\"},\"description\":\"\\\"Drahtige Figuren\\\" bei Kunst in Licher Scheunen am 9. und 10. September 2023 in der Werkstatt der Familie D\u00f6rmer, Oberstadt 11\",\"breadcrumb\":{\"@id\":\"https:\/\/www.drahtige-figuren.de\/?p=506#breadcrumb\"},\"inLanguage\":\"de\",\"potentialAction\":[{\"@type\":\"ReadAction\",\"target\":[\"https:\/\/www.drahtige-figuren.de\/?p=506\"]}]},{\"@type\":\"ImageObject\",\"inLanguage\":\"de\",\"@id\":\"https:\/\/www.drahtige-figuren.de\/?p=506#primaryimage\",\"url\":\"https:\/\/www.drahtige-figuren.de\/wp-content\/uploads\/2023\/08\/1000000919.gif\",\"contentUrl\":\"https:\/\/www.drahtige-figuren.de\/wp-content\/uploads\/2023\/08\/1000000919.gif\",\"width\":1071,\"height\":1497},{\"@type\":\"BreadcrumbList\",\"@id\":\"https:\/\/www.drahtige-figuren.de\/?p=506#breadcrumb\",\"itemListElement\":[{\"@type\":\"ListItem\",\"position\":1,\"name\":\"Home\",\"item\":\"https:\/\/www.drahtige-figuren.de\/\"},{\"@type\":\"ListItem\",\"position\":2,\"name\":\"Kunst in Licher Scheunen 2023\"}]},{\"@type\":\"WebSite\",\"@id\":\"https:\/\/www.drahtige-figuren.de\/#website\",\"url\":\"https:\/\/www.drahtige-figuren.de\/\",\"name\":\"\",\"description\":\"\",\"potentialAction\":[{\"@type\":\"SearchAction\",\"target\":{\"@type\":\"EntryPoint\",\"urlTemplate\":\"https:\/\/www.drahtige-figuren.de\/?s={search_term_string}\"},\"query-input\":{\"@type\":\"PropertyValueSpecification\",\"valueRequired\":true,\"valueName\":\"search_term_string\"}}],\"inLanguage\":\"de\"},{\"@type\":\"Person\",\"@id\":\"https:\/\/www.drahtige-figuren.de\/#\/schema\/person\/d87d595b1fb89d1ad3b6ecc96af40510\",\"name\":\"harpo\",\"image\":{\"@type\":\"ImageObject\",\"inLanguage\":\"de\",\"@id\":\"https:\/\/www.drahtige-figuren.de\/#\/schema\/person\/image\/\",\"url\":\"https:\/\/secure.gravatar.com\/avatar\/198bcecc77c146e5ea8d4540d99560b4b486a090b927ff654b2c125224d88117?s=96&d=mm&r=g\",\"contentUrl\":\"https:\/\/secure.gravatar.com\/avatar\/198bcecc77c146e5ea8d4540d99560b4b486a090b927ff654b2c125224d88117?s=96&d=mm&r=g\",\"caption\":\"harpo\"},\"url\":\"https:\/\/www.drahtige-figuren.de\/?author=1\"}]}<\/script>\n<!-- \/ Yoast SEO plugin. -->","yoast_head_json":{"title":"Kunst in Licher Scheunen 9. und 10. September 2023","description":"\"Drahtige Figuren\" bei Kunst in Licher Scheunen am 9. und 10. September 2023 in der Werkstatt der Familie D\u00f6rmer, Oberstadt 11","robots":{"index":"index","follow":"follow","max-snippet":"max-snippet:-1","max-image-preview":"max-image-preview:large","max-video-preview":"max-video-preview:-1"},"canonical":"https:\/\/www.drahtige-figuren.de\/?p=506","twitter_misc":{"Verfasst von":"harpo","Gesch\u00e4tzte Lesezeit":"1\u00a0Minute"},"schema":{"@context":"https:\/\/schema.org","@graph":[{"@type":"Article","@id":"https:\/\/www.drahtige-figuren.de\/?p=506#article","isPartOf":{"@id":"https:\/\/www.drahtige-figuren.de\/?p=506"},"author":{"name":"harpo","@id":"https:\/\/www.drahtige-figuren.de\/#\/schema\/person\/d87d595b1fb89d1ad3b6ecc96af40510"},"headline":"Kunst in Licher Scheunen 2023","datePublished":"2023-08-12T14:37:27+00:00","dateModified":"2023-08-12T14:37:28+00:00","mainEntityOfPage":{"@id":"https:\/\/www.drahtige-figuren.de\/?p=506"},"wordCount":109,"commentCount":0,"image":{"@id":"https:\/\/www.drahtige-figuren.de\/?p=506#primaryimage"},"thumbnailUrl":"https:\/\/www.drahtige-figuren.de\/wp-content\/uploads\/2023\/08\/1000000919-733x1024.gif","inLanguage":"de","potentialAction":[{"@type":"CommentAction","name":"Comment","target":["https:\/\/www.drahtige-figuren.de\/?p=506#respond"]}]},{"@type":"WebPage","@id":"https:\/\/www.drahtige-figuren.de\/?p=506","url":"https:\/\/www.drahtige-figuren.de\/?p=506","name":"Kunst in Licher Scheunen 9. und 10. September 2023","isPartOf":{"@id":"https:\/\/www.drahtige-figuren.de\/#website"},"primaryImageOfPage":{"@id":"https:\/\/www.drahtige-figuren.de\/?p=506#primaryimage"},"image":{"@id":"https:\/\/www.drahtige-figuren.de\/?p=506#primaryimage"},"thumbnailUrl":"https:\/\/www.drahtige-figuren.de\/wp-content\/uploads\/2023\/08\/1000000919-733x1024.gif","datePublished":"2023-08-12T14:37:27+00:00","dateModified":"2023-08-12T14:37:28+00:00","author":{"@id":"https:\/\/www.drahtige-figuren.de\/#\/schema\/person\/d87d595b1fb89d1ad3b6ecc96af40510"},"description":"\"Drahtige Figuren\" bei Kunst in Licher Scheunen am 9. und 10. September 2023 in der Werkstatt der Familie D\u00f6rmer, Oberstadt 11","breadcrumb":{"@id":"https:\/\/www.drahtige-figuren.de\/?p=506#breadcrumb"},"inLanguage":"de","potentialAction":[{"@type":"ReadAction","target":["https:\/\/www.drahtige-figuren.de\/?p=506"]}]},{"@type":"ImageObject","inLanguage":"de","@id":"https:\/\/www.drahtige-figuren.de\/?p=506#primaryimage","url":"https:\/\/www.drahtige-figuren.de\/wp-content\/uploads\/2023\/08\/1000000919.gif","contentUrl":"https:\/\/www.drahtige-figuren.de\/wp-content\/uploads\/2023\/08\/1000000919.gif","width":1071,"height":1497},{"@type":"BreadcrumbList","@id":"https:\/\/www.drahtige-figuren.de\/?p=506#breadcrumb","itemListElement":[{"@type":"ListItem","position":1,"name":"Home","item":"https:\/\/www.drahtige-figuren.de\/"},{"@type":"ListItem","position":2,"name":"Kunst in Licher Scheunen 2023"}]},{"@type":"WebSite","@id":"https:\/\/www.drahtige-figuren.de\/#website","url":"https:\/\/www.drahtige-figuren.de\/","name":"","description":"","potentialAction":[{"@type":"SearchAction","target":{"@type":"EntryPoint","urlTemplate":"https:\/\/www.drahtige-figuren.de\/?s={search_term_string}"},"query-input":{"@type":"PropertyValueSpecification","valueRequired":true,"valueName":"search_term_string"}}],"inLanguage":"de"},{"@type":"Person","@id":"https:\/\/www.drahtige-figuren.de\/#\/schema\/person\/d87d595b1fb89d1ad3b6ecc96af40510","name":"harpo","image":{"@type":"ImageObject","inLanguage":"de","@id":"https:\/\/www.drahtige-figuren.de\/#\/schema\/person\/image\/","url":"https:\/\/secure.gravatar.com\/avatar\/198bcecc77c146e5ea8d4540d99560b4b486a090b927ff654b2c125224d88117?s=96&d=mm&r=g","contentUrl":"https:\/\/secure.gravatar.com\/avatar\/198bcecc77c146e5ea8d4540d99560b4b486a090b927ff654b2c125224d88117?s=96&d=mm&r=g","caption":"harpo"},"url":"https:\/\/www.drahtige-figuren.de\/?author=1"}]}},"jetpack_featured_media_url":"","jetpack_sharing_enabled":true,"_links":{"self":[{"href":"https:\/\/www.drahtige-figuren.de\/index.php?rest_route=\/wp\/v2\/posts\/506","targetHints":{"allow":["GET"]}}],"collection":[{"href":"https:\/\/www.drahtige-figuren.de\/index.php?rest_route=\/wp\/v2\/posts"}],"about":[{"href":"https:\/\/www.drahtige-figuren.de\/index.php?rest_route=\/wp\/v2\/types\/post"}],"author":[{"embeddable":true,"href":"https:\/\/www.drahtige-figuren.de\/index.php?rest_route=\/wp\/v2\/users\/1"}],"replies":[{"embeddable":true,"href":"https:\/\/www.drahtige-figuren.de\/index.php?rest_route=%2Fwp%2Fv2%2Fcomments&post=506"}],"version-history":[{"count":3,"href":"https:\/\/www.drahtige-figuren.de\/index.php?rest_route=\/wp\/v2\/posts\/506\/revisions"}],"predecessor-version":[{"id":511,"href":"https:\/\/www.drahtige-figuren.de\/index.php?rest_route=\/wp\/v2\/posts\/506\/revisions\/511"}],"wp:attachment":[{"href":"https:\/\/www.drahtige-figuren.de\/index.php?rest_route=%2Fwp%2Fv2%2Fmedia&parent=506"}],"wp:term":[{"taxonomy":"category","embeddable":true,"href":"https:\/\/www.drahtige-figuren.de\/index.php?rest_route=%2Fwp%2Fv2%2Fcategories&post=506"},{"taxonomy":"post_tag","embeddable":true,"href":"https:\/\/www.drahtige-figuren.de\/index.php?rest_route=%2Fwp%2Fv2%2Ftags&post=506"}],"curies":[{"name":"wp","href":"https:\/\/api.w.org\/{rel}","templated":true}]}}