{"id":514,"date":"2023-10-24T21:08:47","date_gmt":"2023-10-24T19:08:47","guid":{"rendered":"https:\/\/www.drahtige-figuren.de\/?p=514"},"modified":"2023-10-24T21:08:48","modified_gmt":"2023-10-24T19:08:48","slug":"kloster-schiffenberg-4","status":"publish","type":"post","link":"https:\/\/www.drahtige-figuren.de\/?p=514","title":{"rendered":"Kloster Schiffenberg"},"content":{"rendered":"\n<h2 class=\"wp-block-heading\">Hand &#8211; Werk &#8211; Kunst<\/h2>\n\n\n<div class=\"wp-block-image\">\n<figure class=\"alignleft size-full is-resized\"><a href=\"https:\/\/www.drahtige-figuren.de\/wp-content\/uploads\/2023\/10\/IMG.gif\"><img loading=\"lazy\" decoding=\"async\" width=\"610\" height=\"853\" src=\"https:\/\/www.drahtige-figuren.de\/wp-content\/uploads\/2023\/10\/IMG.gif\" alt=\"\" class=\"wp-image-515\" style=\"aspect-ratio:0.7151230949589683;width:168px;height:auto\"\/><\/a><\/figure>\n<\/div>\n\n\n<p>Meine drahtigen Figuren sind wieder bei &#8222;Hand &#8211; Werk &#8211; Kunst&#8220; im Kloster Schiffenberg bei Gie\u00dfen am Wochenende 18.\/19. November 2023 zu sehen.<\/p>\n\n\n\n<p>Das einstige Kloster auf dem Gie\u00dfener Hausberg bietet eine wunderbare Atmosph\u00e4re f\u00fcr den Markt. Wer m\u00f6chte, kann den Besuch des Kunsthandwerkermarktes mit einem Spaziergang verbinden. Die Klosteranlage ist \u00fcber 900 Jahre alt und von dem knapp 300 Meter hohen Berg hat man einen sch\u00f6nen Ausblick in die Wetterau.<\/p>\n\n\n\n<p>\u00dcber 20 Aussteller beteiligen sich an dem Markt. Die Palette reicht von Schmuck aus S\u00fcdafrika zur Unterst\u00fctzung von Frauenprojekten, Kunsthandwerk aus Zimbabwe f\u00fcr das Schulprojekt \u201eFUNDO\u201c im Gokwe-District, Zimbabwe, \u00fcber Holzfahrr\u00e4der, die 2016 Sieger beim \u201eHessischen Gestaltungspreis\u201c waren und 2019 beim Bike Lovers Contest mit Bronze ausgezeichnet wurden, bis zu Windobjekten, Schmiede-, Papier-, Leder- und Holzkunst, Keramiken, Lichtobjekte, Skulpturen, Malerei, weihnachtliche Floristik, Fotografie, Sch\u00f6nes aus Stoff, Collagen aus Plastikt\u00fcten und Seifen.<\/p>\n\n\n\n<p>Die St\u00e4nde sind im Kloster und im Klosterhof werden zudem im &#8222;Kleinen Schiffenberger Winterwald&#8220; regionale Produkte, Speisen und Getr\u00e4nke angeboten.<\/p>\n\n\n\n<p>Der Markt &#8222;Hand &#8211; Werk &#8211; Kunst&#8220; ist am Samstag, 18. November, von 11 bis 19 Uhr ge\u00f6ffnet und am Sonntag, 19. November 2023 von 11 bis 18 Uhr. Der Eintritt ist frei. Die Adresse ist Kloster Schifffenberg, Dom\u00e4ne, 35394 Gie\u00dfen. <\/p>\n\n\n\n<p>Weitere Informationen gibt es hier: <a href=\"http:\/\/kunstundwerk-schifffenberg.de\" target=\"_blank\" rel=\"noreferrer noopener\">kunstundwerk-schifffenberg.de<\/a><\/p>\n<div class=\"twoclick_social_bookmarks_post_514 social_share_privacy clearfix 1.6.4 locale-de_DE sprite-de_DE\"><\/div><div class=\"twoclick-js\"><script type=\"text\/javascript\">\/* <![CDATA[ *\/\njQuery(document).ready(function($){if($('.twoclick_social_bookmarks_post_514')){$('.twoclick_social_bookmarks_post_514').socialSharePrivacy({\"services\":{\"facebook\":{\"status\":\"on\",\"txt_info\":\"2 Klicks f\\u00fcr mehr Datenschutz: Erst wenn Sie hier klicken, wird der Button aktiv und Sie k\\u00f6nnen Ihre Empfehlung an Facebook senden. Schon beim Aktivieren werden Daten an Dritte \\u00fcbertragen - siehe <em>i<\\\/em>.\",\"perma_option\":\"off\",\"action\":\"recommend\",\"language\":\"de_DE\"},\"twitter\":{\"reply_to\":\"\",\"tweet_text\":\"Kloster%20Schiffenberg%20%C2%BB%20\",\"status\":\"on\",\"txt_info\":\"2 Klicks f\\u00fcr mehr Datenschutz: Erst wenn Sie hier klicken, wird der Button aktiv und Sie k\\u00f6nnen Ihre Empfehlung an Twitter senden. Schon beim Aktivieren werden Daten an Dritte \\u00fcbertragen - siehe <em>i<\\\/em>.\",\"perma_option\":\"off\",\"language\":\"de\",\"referrer_track\":\"\"},\"gplus\":{\"status\":\"on\",\"txt_info\":\"2 Klicks f\\u00fcr mehr Datenschutz: Erst wenn Sie hier klicken, wird der Button aktiv und Sie k\\u00f6nnen Ihre Empfehlung an Google+ senden. Schon beim Aktivieren werden Daten an Dritte \\u00fcbertragen - siehe <em>i<\\\/em>.\",\"perma_option\":\"off\",\"referrer_track\":\"\"},\"flattr\":{\"uid\":\"\",\"status\":\"on\",\"the_title\":\"Kloster%20Schiffenberg\",\"the_excerpt\":\"%0AHand%20-%20Werk%20-%20Kunst%0A%0A%0A%0A%0A%0A%0A%0AMeine%20drahtigen%20Figuren%20sind%20wieder%20bei%20%22Hand%20-%20Werk%20-%20Kunst%22%20im%20Kloster%20Schiffenberg%20bei%20Gie%C3%9Fen%20am%20Wochenende%2018.%2F19.%20November%202023%20zu%20sehen.%0A%0A%0A%0ADas%20einstige%20Kloster%20auf%20dem%20Gie%C3%9Fener%20Hausberg%20bietet%20eine%20wunderbare%20Atmosph%C3%A4re%20f%C3%BCr%20den%20Markt.%20Wer%20m%C3%B6chte%2C%20kann%20den%20Besuch%20des%20Kunsthandwerkermarktes%20mit%20einem%20Spaziergang%20verbinden.%20Die%20Klosteranlage%20ist%20%C3%BCber%20900%20Jahre%20a%20...\",\"txt_info\":\"2 Klicks f\\u00fcr mehr Datenschutz: Erst wenn Sie hier klicken, wird der Button aktiv und Sie k\\u00f6nnen Ihre Empfehlung an Flattr senden. Schon beim Aktivieren werden Daten an Dritte \\u00fcbertragen - siehe <em>i<\\\/em>.\",\"perma_option\":\"off\"},\"xing\":{\"status\":\"on\",\"txt_info\":\"2 Klicks f\\u00fcr mehr Datenschutz: Erst wenn Sie hier klicken, wird der Button aktiv und Sie k\\u00f6nnen Ihre Empfehlung an Xing senden. Schon beim Aktivieren werden Daten an Dritte \\u00fcbertragen - siehe <em>i<\\\/em>.\",\"perma_option\":\"off\",\"language\":\"de\",\"referrer_track\":\"\"},\"linkedin\":{\"status\":\"on\",\"txt_info\":\"2 Klicks f\\u00fcr mehr Datenschutz: Erst wenn Sie hier klicken, wird der Button aktiv und Sie k\\u00f6nnen Ihre Empfehlung an LinkedIn senden. Schon beim Aktivieren werden Daten an Dritte \\u00fcbertragen - siehe <em>i<\\\/em>.\",\"perma_option\":\"off\"}},\"txt_help\":\"Wenn Sie diese Felder durch einen Klick aktivieren, werden Informationen an Facebook, Twitter, Flattr, Xing, t3n, LinkedIn, Pinterest oder Google eventuell ins Ausland \\u00fcbertragen und unter Umst\\u00e4nden auch dort gespeichert. N\\u00e4heres erfahren Sie durch einen Klick auf das <em>i<\\\/em>.\",\"settings_perma\":\"Dauerhaft aktivieren und Daten\\u00fcber-tragung zustimmen:\",\"info_link\":\"http:\\\/\\\/www.heise.de\\\/ct\\\/artikel\\\/2-Klicks-fuer-mehr-Datenschutz-1333879.html\",\"uri\":\"https:\\\/\\\/www.drahtige-figuren.de\\\/?p=514\",\"post_id\":514,\"post_title_referrer_track\":\"Kloster+Schiffenberg\",\"display_infobox\":\"on\"});}});\n\/* ]]> *\/<\/script><\/div>","protected":false},"excerpt":{"rendered":"<p>Hand &#8211; Werk &#8211; Kunst Meine drahtigen Figuren sind wieder bei &#8222;Hand &#8211; Werk &#8211; Kunst&#8220; im Kloster Schiffenberg bei Gie\u00dfen am Wochenende 18.\/19. November 2023 zu sehen. Das einstige Kloster auf dem Gie\u00dfener Hausberg bietet eine wunderbare Atmosph\u00e4re f\u00fcr &hellip; <a href=\"https:\/\/www.drahtige-figuren.de\/?p=514\">Weiterlesen <span class=\"meta-nav\">&rarr;<\/span><\/a><\/p>\n","protected":false},"author":1,"featured_media":0,"comment_status":"open","ping_status":"open","sticky":false,"template":"","format":"standard","meta":{"_jetpack_memberships_contains_paid_content":false,"footnotes":""},"categories":[1],"tags":[],"class_list":["post-514","post","type-post","status-publish","format-standard","hentry","category-allgemein"],"yoast_head":"<!-- This site is optimized with the Yoast SEO plugin v27.0 - https:\/\/yoast.com\/product\/yoast-seo-wordpress\/ -->\n<title>Hand - Werk - Kunst im Kloster Schiffenberg<\/title>\n<meta name=\"description\" content=\"&quot;drahtige Figuren&quot; beim Markt &quot;Hand - Werk -Kunst&quot; am 18.\/19. November 2023 im Kloster Schiffenberg bei Gie\u00dfen\" \/>\n<meta name=\"robots\" content=\"index, follow, max-snippet:-1, max-image-preview:large, max-video-preview:-1\" \/>\n<link rel=\"canonical\" href=\"https:\/\/www.drahtige-figuren.de\/?p=514\" \/>\n<meta name=\"twitter:label1\" content=\"Verfasst von\" \/>\n\t<meta name=\"twitter:data1\" content=\"harpo\" \/>\n\t<meta name=\"twitter:label2\" content=\"Gesch\u00e4tzte Lesezeit\" \/>\n\t<meta name=\"twitter:data2\" content=\"2\u00a0Minuten\" \/>\n<script type=\"application\/ld+json\" class=\"yoast-schema-graph\">{\"@context\":\"https:\/\/schema.org\",\"@graph\":[{\"@type\":\"Article\",\"@id\":\"https:\/\/www.drahtige-figuren.de\/?p=514#article\",\"isPartOf\":{\"@id\":\"https:\/\/www.drahtige-figuren.de\/?p=514\"},\"author\":{\"name\":\"harpo\",\"@id\":\"https:\/\/www.drahtige-figuren.de\/#\/schema\/person\/d87d595b1fb89d1ad3b6ecc96af40510\"},\"headline\":\"Kloster Schiffenberg\",\"datePublished\":\"2023-10-24T19:08:47+00:00\",\"dateModified\":\"2023-10-24T19:08:48+00:00\",\"mainEntityOfPage\":{\"@id\":\"https:\/\/www.drahtige-figuren.de\/?p=514\"},\"wordCount\":219,\"commentCount\":0,\"image\":{\"@id\":\"https:\/\/www.drahtige-figuren.de\/?p=514#primaryimage\"},\"thumbnailUrl\":\"https:\/\/www.drahtige-figuren.de\/wp-content\/uploads\/2023\/10\/IMG.gif\",\"inLanguage\":\"de\",\"potentialAction\":[{\"@type\":\"CommentAction\",\"name\":\"Comment\",\"target\":[\"https:\/\/www.drahtige-figuren.de\/?p=514#respond\"]}]},{\"@type\":\"WebPage\",\"@id\":\"https:\/\/www.drahtige-figuren.de\/?p=514\",\"url\":\"https:\/\/www.drahtige-figuren.de\/?p=514\",\"name\":\"Hand - Werk - Kunst im Kloster Schiffenberg\",\"isPartOf\":{\"@id\":\"https:\/\/www.drahtige-figuren.de\/#website\"},\"primaryImageOfPage\":{\"@id\":\"https:\/\/www.drahtige-figuren.de\/?p=514#primaryimage\"},\"image\":{\"@id\":\"https:\/\/www.drahtige-figuren.de\/?p=514#primaryimage\"},\"thumbnailUrl\":\"https:\/\/www.drahtige-figuren.de\/wp-content\/uploads\/2023\/10\/IMG.gif\",\"datePublished\":\"2023-10-24T19:08:47+00:00\",\"dateModified\":\"2023-10-24T19:08:48+00:00\",\"author\":{\"@id\":\"https:\/\/www.drahtige-figuren.de\/#\/schema\/person\/d87d595b1fb89d1ad3b6ecc96af40510\"},\"description\":\"\\\"drahtige Figuren\\\" beim Markt \\\"Hand - Werk -Kunst\\\" am 18.\/19. November 2023 im Kloster Schiffenberg bei Gie\u00dfen\",\"breadcrumb\":{\"@id\":\"https:\/\/www.drahtige-figuren.de\/?p=514#breadcrumb\"},\"inLanguage\":\"de\",\"potentialAction\":[{\"@type\":\"ReadAction\",\"target\":[\"https:\/\/www.drahtige-figuren.de\/?p=514\"]}]},{\"@type\":\"ImageObject\",\"inLanguage\":\"de\",\"@id\":\"https:\/\/www.drahtige-figuren.de\/?p=514#primaryimage\",\"url\":\"https:\/\/www.drahtige-figuren.de\/wp-content\/uploads\/2023\/10\/IMG.gif\",\"contentUrl\":\"https:\/\/www.drahtige-figuren.de\/wp-content\/uploads\/2023\/10\/IMG.gif\",\"width\":610,\"height\":853},{\"@type\":\"BreadcrumbList\",\"@id\":\"https:\/\/www.drahtige-figuren.de\/?p=514#breadcrumb\",\"itemListElement\":[{\"@type\":\"ListItem\",\"position\":1,\"name\":\"Home\",\"item\":\"https:\/\/www.drahtige-figuren.de\/\"},{\"@type\":\"ListItem\",\"position\":2,\"name\":\"Kloster Schiffenberg\"}]},{\"@type\":\"WebSite\",\"@id\":\"https:\/\/www.drahtige-figuren.de\/#website\",\"url\":\"https:\/\/www.drahtige-figuren.de\/\",\"name\":\"\",\"description\":\"\",\"potentialAction\":[{\"@type\":\"SearchAction\",\"target\":{\"@type\":\"EntryPoint\",\"urlTemplate\":\"https:\/\/www.drahtige-figuren.de\/?s={search_term_string}\"},\"query-input\":{\"@type\":\"PropertyValueSpecification\",\"valueRequired\":true,\"valueName\":\"search_term_string\"}}],\"inLanguage\":\"de\"},{\"@type\":\"Person\",\"@id\":\"https:\/\/www.drahtige-figuren.de\/#\/schema\/person\/d87d595b1fb89d1ad3b6ecc96af40510\",\"name\":\"harpo\",\"image\":{\"@type\":\"ImageObject\",\"inLanguage\":\"de\",\"@id\":\"https:\/\/www.drahtige-figuren.de\/#\/schema\/person\/image\/\",\"url\":\"https:\/\/secure.gravatar.com\/avatar\/198bcecc77c146e5ea8d4540d99560b4b486a090b927ff654b2c125224d88117?s=96&d=mm&r=g\",\"contentUrl\":\"https:\/\/secure.gravatar.com\/avatar\/198bcecc77c146e5ea8d4540d99560b4b486a090b927ff654b2c125224d88117?s=96&d=mm&r=g\",\"caption\":\"harpo\"},\"url\":\"https:\/\/www.drahtige-figuren.de\/?author=1\"}]}<\/script>\n<!-- \/ Yoast SEO plugin. -->","yoast_head_json":{"title":"Hand - Werk - Kunst im Kloster Schiffenberg","description":"\"drahtige Figuren\" beim Markt \"Hand - Werk -Kunst\" am 18.\/19. November 2023 im Kloster Schiffenberg bei Gie\u00dfen","robots":{"index":"index","follow":"follow","max-snippet":"max-snippet:-1","max-image-preview":"max-image-preview:large","max-video-preview":"max-video-preview:-1"},"canonical":"https:\/\/www.drahtige-figuren.de\/?p=514","twitter_misc":{"Verfasst von":"harpo","Gesch\u00e4tzte Lesezeit":"2\u00a0Minuten"},"schema":{"@context":"https:\/\/schema.org","@graph":[{"@type":"Article","@id":"https:\/\/www.drahtige-figuren.de\/?p=514#article","isPartOf":{"@id":"https:\/\/www.drahtige-figuren.de\/?p=514"},"author":{"name":"harpo","@id":"https:\/\/www.drahtige-figuren.de\/#\/schema\/person\/d87d595b1fb89d1ad3b6ecc96af40510"},"headline":"Kloster Schiffenberg","datePublished":"2023-10-24T19:08:47+00:00","dateModified":"2023-10-24T19:08:48+00:00","mainEntityOfPage":{"@id":"https:\/\/www.drahtige-figuren.de\/?p=514"},"wordCount":219,"commentCount":0,"image":{"@id":"https:\/\/www.drahtige-figuren.de\/?p=514#primaryimage"},"thumbnailUrl":"https:\/\/www.drahtige-figuren.de\/wp-content\/uploads\/2023\/10\/IMG.gif","inLanguage":"de","potentialAction":[{"@type":"CommentAction","name":"Comment","target":["https:\/\/www.drahtige-figuren.de\/?p=514#respond"]}]},{"@type":"WebPage","@id":"https:\/\/www.drahtige-figuren.de\/?p=514","url":"https:\/\/www.drahtige-figuren.de\/?p=514","name":"Hand - Werk - Kunst im Kloster Schiffenberg","isPartOf":{"@id":"https:\/\/www.drahtige-figuren.de\/#website"},"primaryImageOfPage":{"@id":"https:\/\/www.drahtige-figuren.de\/?p=514#primaryimage"},"image":{"@id":"https:\/\/www.drahtige-figuren.de\/?p=514#primaryimage"},"thumbnailUrl":"https:\/\/www.drahtige-figuren.de\/wp-content\/uploads\/2023\/10\/IMG.gif","datePublished":"2023-10-24T19:08:47+00:00","dateModified":"2023-10-24T19:08:48+00:00","author":{"@id":"https:\/\/www.drahtige-figuren.de\/#\/schema\/person\/d87d595b1fb89d1ad3b6ecc96af40510"},"description":"\"drahtige Figuren\" beim Markt \"Hand - Werk -Kunst\" am 18.\/19. November 2023 im Kloster Schiffenberg bei Gie\u00dfen","breadcrumb":{"@id":"https:\/\/www.drahtige-figuren.de\/?p=514#breadcrumb"},"inLanguage":"de","potentialAction":[{"@type":"ReadAction","target":["https:\/\/www.drahtige-figuren.de\/?p=514"]}]},{"@type":"ImageObject","inLanguage":"de","@id":"https:\/\/www.drahtige-figuren.de\/?p=514#primaryimage","url":"https:\/\/www.drahtige-figuren.de\/wp-content\/uploads\/2023\/10\/IMG.gif","contentUrl":"https:\/\/www.drahtige-figuren.de\/wp-content\/uploads\/2023\/10\/IMG.gif","width":610,"height":853},{"@type":"BreadcrumbList","@id":"https:\/\/www.drahtige-figuren.de\/?p=514#breadcrumb","itemListElement":[{"@type":"ListItem","position":1,"name":"Home","item":"https:\/\/www.drahtige-figuren.de\/"},{"@type":"ListItem","position":2,"name":"Kloster Schiffenberg"}]},{"@type":"WebSite","@id":"https:\/\/www.drahtige-figuren.de\/#website","url":"https:\/\/www.drahtige-figuren.de\/","name":"","description":"","potentialAction":[{"@type":"SearchAction","target":{"@type":"EntryPoint","urlTemplate":"https:\/\/www.drahtige-figuren.de\/?s={search_term_string}"},"query-input":{"@type":"PropertyValueSpecification","valueRequired":true,"valueName":"search_term_string"}}],"inLanguage":"de"},{"@type":"Person","@id":"https:\/\/www.drahtige-figuren.de\/#\/schema\/person\/d87d595b1fb89d1ad3b6ecc96af40510","name":"harpo","image":{"@type":"ImageObject","inLanguage":"de","@id":"https:\/\/www.drahtige-figuren.de\/#\/schema\/person\/image\/","url":"https:\/\/secure.gravatar.com\/avatar\/198bcecc77c146e5ea8d4540d99560b4b486a090b927ff654b2c125224d88117?s=96&d=mm&r=g","contentUrl":"https:\/\/secure.gravatar.com\/avatar\/198bcecc77c146e5ea8d4540d99560b4b486a090b927ff654b2c125224d88117?s=96&d=mm&r=g","caption":"harpo"},"url":"https:\/\/www.drahtige-figuren.de\/?author=1"}]}},"jetpack_featured_media_url":"","jetpack_sharing_enabled":true,"_links":{"self":[{"href":"https:\/\/www.drahtige-figuren.de\/index.php?rest_route=\/wp\/v2\/posts\/514","targetHints":{"allow":["GET"]}}],"collection":[{"href":"https:\/\/www.drahtige-figuren.de\/index.php?rest_route=\/wp\/v2\/posts"}],"about":[{"href":"https:\/\/www.drahtige-figuren.de\/index.php?rest_route=\/wp\/v2\/types\/post"}],"author":[{"embeddable":true,"href":"https:\/\/www.drahtige-figuren.de\/index.php?rest_route=\/wp\/v2\/users\/1"}],"replies":[{"embeddable":true,"href":"https:\/\/www.drahtige-figuren.de\/index.php?rest_route=%2Fwp%2Fv2%2Fcomments&post=514"}],"version-history":[{"count":2,"href":"https:\/\/www.drahtige-figuren.de\/index.php?rest_route=\/wp\/v2\/posts\/514\/revisions"}],"predecessor-version":[{"id":517,"href":"https:\/\/www.drahtige-figuren.de\/index.php?rest_route=\/wp\/v2\/posts\/514\/revisions\/517"}],"wp:attachment":[{"href":"https:\/\/www.drahtige-figuren.de\/index.php?rest_route=%2Fwp%2Fv2%2Fmedia&parent=514"}],"wp:term":[{"taxonomy":"category","embeddable":true,"href":"https:\/\/www.drahtige-figuren.de\/index.php?rest_route=%2Fwp%2Fv2%2Fcategories&post=514"},{"taxonomy":"post_tag","embeddable":true,"href":"https:\/\/www.drahtige-figuren.de\/index.php?rest_route=%2Fwp%2Fv2%2Ftags&post=514"}],"curies":[{"name":"wp","href":"https:\/\/api.w.org\/{rel}","templated":true}]}}