{"id":535,"date":"2024-08-30T12:38:07","date_gmt":"2024-08-30T10:38:07","guid":{"rendered":"https:\/\/www.drahtige-figuren.de\/?p=535"},"modified":"2024-08-30T12:38:08","modified_gmt":"2024-08-30T10:38:08","slug":"kunst-in-licher-scheunen-2024","status":"publish","type":"post","link":"https:\/\/www.drahtige-figuren.de\/?p=535","title":{"rendered":"Kunst in Licher Scheunen 2024"},"content":{"rendered":"\n<h1 class=\"wp-block-heading\">Ich stelle meine drahtigen Figuren wieder bei Kunst in Licher Scheunen am 7. und 8. September 2024 aus, die gr\u00f6\u00dfte und sch\u00f6nste Kunstschau der Region. Zum dritten Mal bin ich in der Polsterwerkstatt von Gerhard D\u00f6rmer, ein toller Ort um meine Figuren zu pr\u00e4sentieren.<\/h1>\n\n\n<div class=\"wp-block-image\">\n<figure class=\"alignleft size-large is-resized\"><a href=\"https:\/\/www.drahtige-figuren.de\/wp-content\/uploads\/2024\/08\/kils.gif\"><img loading=\"lazy\" decoding=\"async\" width=\"1024\" height=\"545\" src=\"https:\/\/www.drahtige-figuren.de\/wp-content\/uploads\/2024\/08\/kils-1024x545.gif\" alt=\"\" class=\"wp-image-536\" style=\"width:377px;height:auto\" srcset=\"https:\/\/www.drahtige-figuren.de\/wp-content\/uploads\/2024\/08\/kils-1024x545.gif 1024w, https:\/\/www.drahtige-figuren.de\/wp-content\/uploads\/2024\/08\/kils-300x160.gif 300w, https:\/\/www.drahtige-figuren.de\/wp-content\/uploads\/2024\/08\/kils-768x409.gif 768w, https:\/\/www.drahtige-figuren.de\/wp-content\/uploads\/2024\/08\/kils-1536x818.gif 1536w, https:\/\/www.drahtige-figuren.de\/wp-content\/uploads\/2024\/08\/kils-500x266.gif 500w\" sizes=\"auto, (max-width: 1024px) 100vw, 1024px\" \/><\/a><\/figure>\n<\/div>\n\n\n<p>Das Schwerpunktthema von Kunst in Licher Scheunen ist diesmal &#8222;Kunst zu Gast bei Freunden&#8220;. &#8222;In Zeiten, wo nationalistisches Gedankengut zunimmt, ist Vernetzung \u2013 auch \u00fcber Grenzen hinweg \u2013 wichtig. Sie muss aber auch gelebt und mit Leben gef\u00fcllt werden. Das Verbindende muss im Vordergrund stehen. Die Kunst ist da ein fruchtbares Umfeld, auf dem diese verbindende Kultur wachsen kann&#8220;, erkl\u00e4rt der Verein Kunst in Licher Scheunen. Der Verein hat zehn K\u00fcnstler und K\u00fcnstlerinnen aus Lichs franz\u00f6sischer Partnerstadt Dieulefit gewonnen, ihre Keramikobjekte, Skulpturen, Fotografien und Bilder bei Kunst in Licher Scheunen auszustellen. Vier der K\u00fcnstler werden dazu in Vertretung nach Lich kommen und im Sitzungssaal des Rathauses die Kunstwerke pr\u00e4sentieren. Die Band \u201eKlangnomaden\u201c wird zur Begr\u00fc\u00dfung der K\u00fcnstler und Besucher am Samstag um 11 Uhr internationale Folksongs spielen.<\/p>\n\n\n\n<figure class=\"wp-block-image size-large\"><a href=\"https:\/\/www.drahtige-figuren.de\/wp-content\/uploads\/2024\/08\/KiLS-plan.gif\"><img loading=\"lazy\" decoding=\"async\" width=\"1024\" height=\"457\" src=\"https:\/\/www.drahtige-figuren.de\/wp-content\/uploads\/2024\/08\/KiLS-plan-1024x457.gif\" alt=\"\" class=\"wp-image-538\" srcset=\"https:\/\/www.drahtige-figuren.de\/wp-content\/uploads\/2024\/08\/KiLS-plan-1024x457.gif 1024w, https:\/\/www.drahtige-figuren.de\/wp-content\/uploads\/2024\/08\/KiLS-plan-300x134.gif 300w, https:\/\/www.drahtige-figuren.de\/wp-content\/uploads\/2024\/08\/KiLS-plan-768x343.gif 768w, https:\/\/www.drahtige-figuren.de\/wp-content\/uploads\/2024\/08\/KiLS-plan-1536x686.gif 1536w, https:\/\/www.drahtige-figuren.de\/wp-content\/uploads\/2024\/08\/KiLS-plan-500x223.gif 500w\" sizes=\"auto, (max-width: 1024px) 100vw, 1024px\" \/><\/a><figcaption class=\"wp-element-caption\">Der Plan der Ausstellungsorte bei Kunst in Licher Scheunen. Ich bin die Nummer 30.<\/figcaption><\/figure>\n\n\n\n<p>Er\u00f6ffnet wird Kunst in Licher Scheunen bereits am Freitag, 6. September, um 19 Uhr in der G\u00fcterumschlaghalle am Bahnhof mit der Vernissage von Ulrike Obenauer, dazu gibt es Musik von den Jazzengers.<\/p>\n<div class=\"twoclick_social_bookmarks_post_535 social_share_privacy clearfix 1.6.4 locale-de_DE sprite-de_DE\"><\/div><div class=\"twoclick-js\"><script type=\"text\/javascript\">\/* <![CDATA[ *\/\njQuery(document).ready(function($){if($('.twoclick_social_bookmarks_post_535')){$('.twoclick_social_bookmarks_post_535').socialSharePrivacy({\"services\":{\"facebook\":{\"status\":\"on\",\"txt_info\":\"2 Klicks f\\u00fcr mehr Datenschutz: Erst wenn Sie hier klicken, wird der Button aktiv und Sie k\\u00f6nnen Ihre Empfehlung an Facebook senden. Schon beim Aktivieren werden Daten an Dritte \\u00fcbertragen - siehe <em>i<\\\/em>.\",\"perma_option\":\"off\",\"action\":\"recommend\",\"language\":\"de_DE\"},\"twitter\":{\"reply_to\":\"\",\"tweet_text\":\"Kunst%20in%20Licher%20Scheunen%202024%20%C2%BB%20\",\"status\":\"on\",\"txt_info\":\"2 Klicks f\\u00fcr mehr Datenschutz: Erst wenn Sie hier klicken, wird der Button aktiv und Sie k\\u00f6nnen Ihre Empfehlung an Twitter senden. Schon beim Aktivieren werden Daten an Dritte \\u00fcbertragen - siehe <em>i<\\\/em>.\",\"perma_option\":\"off\",\"language\":\"de\",\"referrer_track\":\"\"},\"gplus\":{\"status\":\"on\",\"txt_info\":\"2 Klicks f\\u00fcr mehr Datenschutz: Erst wenn Sie hier klicken, wird der Button aktiv und Sie k\\u00f6nnen Ihre Empfehlung an Google+ senden. Schon beim Aktivieren werden Daten an Dritte \\u00fcbertragen - siehe <em>i<\\\/em>.\",\"perma_option\":\"off\",\"referrer_track\":\"\"},\"flattr\":{\"uid\":\"\",\"status\":\"on\",\"the_title\":\"Kunst%20in%20Licher%20Scheunen%202024\",\"the_excerpt\":\"%0AIch%20stelle%20meine%20drahtigen%20Figuren%20wieder%20bei%20Kunst%20in%20Licher%20Scheunen%20am%207.%20und%208.%20September%202024%20aus%2C%20die%20gr%C3%B6%C3%9Fte%20und%20sch%C3%B6nste%20Kunstschau%20der%20Region.%20Zum%20dritten%20Mal%20bin%20ich%20in%20der%20Polsterwerkstatt%20von%20Gerhard%20D%C3%B6rmer%2C%20ein%20toller%20Ort%20um%20meine%20Figuren%20zu%20pr%C3%A4sentieren.%0A%0A%0A%0A%0A%0A%0A%0ADas%20Schwerpunktthema%20von%20Kunst%20in%20Licher%20Scheunen%20ist%20diesmal%20%22Kunst%20zu%20Gast%20bei%20Freunden%22.%20%22In%20Zeiten%2C%20wo%20nationalistis%20...\",\"txt_info\":\"2 Klicks f\\u00fcr mehr Datenschutz: Erst wenn Sie hier klicken, wird der Button aktiv und Sie k\\u00f6nnen Ihre Empfehlung an Flattr senden. Schon beim Aktivieren werden Daten an Dritte \\u00fcbertragen - siehe <em>i<\\\/em>.\",\"perma_option\":\"off\"},\"xing\":{\"status\":\"on\",\"txt_info\":\"2 Klicks f\\u00fcr mehr Datenschutz: Erst wenn Sie hier klicken, wird der Button aktiv und Sie k\\u00f6nnen Ihre Empfehlung an Xing senden. Schon beim Aktivieren werden Daten an Dritte \\u00fcbertragen - siehe <em>i<\\\/em>.\",\"perma_option\":\"off\",\"language\":\"de\",\"referrer_track\":\"\"},\"linkedin\":{\"status\":\"on\",\"txt_info\":\"2 Klicks f\\u00fcr mehr Datenschutz: Erst wenn Sie hier klicken, wird der Button aktiv und Sie k\\u00f6nnen Ihre Empfehlung an LinkedIn senden. Schon beim Aktivieren werden Daten an Dritte \\u00fcbertragen - siehe <em>i<\\\/em>.\",\"perma_option\":\"off\"}},\"txt_help\":\"Wenn Sie diese Felder durch einen Klick aktivieren, werden Informationen an Facebook, Twitter, Flattr, Xing, t3n, LinkedIn, Pinterest oder Google eventuell ins Ausland \\u00fcbertragen und unter Umst\\u00e4nden auch dort gespeichert. N\\u00e4heres erfahren Sie durch einen Klick auf das <em>i<\\\/em>.\",\"settings_perma\":\"Dauerhaft aktivieren und Daten\\u00fcber-tragung zustimmen:\",\"info_link\":\"http:\\\/\\\/www.heise.de\\\/ct\\\/artikel\\\/2-Klicks-fuer-mehr-Datenschutz-1333879.html\",\"uri\":\"https:\\\/\\\/www.drahtige-figuren.de\\\/?p=535\",\"post_id\":535,\"post_title_referrer_track\":\"Kunst+in+Licher+Scheunen+2024\",\"display_infobox\":\"on\"});}});\n\/* ]]> *\/<\/script><\/div>","protected":false},"excerpt":{"rendered":"<p>Ich stelle meine drahtigen Figuren wieder bei Kunst in Licher Scheunen am 7. und 8. September 2024 aus, die gr\u00f6\u00dfte und sch\u00f6nste Kunstschau der Region. Zum dritten Mal bin ich in der Polsterwerkstatt von Gerhard D\u00f6rmer, ein toller Ort um &hellip; <a href=\"https:\/\/www.drahtige-figuren.de\/?p=535\">Weiterlesen <span class=\"meta-nav\">&rarr;<\/span><\/a><\/p>\n","protected":false},"author":1,"featured_media":0,"comment_status":"open","ping_status":"open","sticky":false,"template":"","format":"standard","meta":{"_jetpack_memberships_contains_paid_content":false,"footnotes":""},"categories":[1],"tags":[],"class_list":["post-535","post","type-post","status-publish","format-standard","hentry","category-allgemein"],"yoast_head":"<!-- This site is optimized with the Yoast SEO plugin v27.0 - https:\/\/yoast.com\/product\/yoast-seo-wordpress\/ -->\n<title>Drahtige Figuren bei Kunst in Licher Scheunen 2024<\/title>\n<meta name=\"description\" content=\"Ursula Rickert-Rieb stellt ihre &quot;drahtigen Figuren&quot; bei Kunst in Licher Scheunen am 7. und 8. September 2024 in der Obergasse 11 in Lich aus\" \/>\n<meta name=\"robots\" content=\"index, follow, max-snippet:-1, max-image-preview:large, max-video-preview:-1\" \/>\n<link rel=\"canonical\" href=\"https:\/\/www.drahtige-figuren.de\/?p=535\" \/>\n<meta name=\"twitter:label1\" content=\"Verfasst von\" \/>\n\t<meta name=\"twitter:data1\" content=\"harpo\" \/>\n\t<meta name=\"twitter:label2\" content=\"Gesch\u00e4tzte Lesezeit\" \/>\n\t<meta name=\"twitter:data2\" content=\"2\u00a0Minuten\" \/>\n<script type=\"application\/ld+json\" class=\"yoast-schema-graph\">{\"@context\":\"https:\/\/schema.org\",\"@graph\":[{\"@type\":\"Article\",\"@id\":\"https:\/\/www.drahtige-figuren.de\/?p=535#article\",\"isPartOf\":{\"@id\":\"https:\/\/www.drahtige-figuren.de\/?p=535\"},\"author\":{\"name\":\"harpo\",\"@id\":\"https:\/\/www.drahtige-figuren.de\/#\/schema\/person\/d87d595b1fb89d1ad3b6ecc96af40510\"},\"headline\":\"Kunst in Licher Scheunen 2024\",\"datePublished\":\"2024-08-30T10:38:07+00:00\",\"dateModified\":\"2024-08-30T10:38:08+00:00\",\"mainEntityOfPage\":{\"@id\":\"https:\/\/www.drahtige-figuren.de\/?p=535\"},\"wordCount\":227,\"commentCount\":0,\"image\":{\"@id\":\"https:\/\/www.drahtige-figuren.de\/?p=535#primaryimage\"},\"thumbnailUrl\":\"https:\/\/www.drahtige-figuren.de\/wp-content\/uploads\/2024\/08\/kils-1024x545.gif\",\"inLanguage\":\"de\",\"potentialAction\":[{\"@type\":\"CommentAction\",\"name\":\"Comment\",\"target\":[\"https:\/\/www.drahtige-figuren.de\/?p=535#respond\"]}]},{\"@type\":\"WebPage\",\"@id\":\"https:\/\/www.drahtige-figuren.de\/?p=535\",\"url\":\"https:\/\/www.drahtige-figuren.de\/?p=535\",\"name\":\"Drahtige Figuren bei Kunst in Licher Scheunen 2024\",\"isPartOf\":{\"@id\":\"https:\/\/www.drahtige-figuren.de\/#website\"},\"primaryImageOfPage\":{\"@id\":\"https:\/\/www.drahtige-figuren.de\/?p=535#primaryimage\"},\"image\":{\"@id\":\"https:\/\/www.drahtige-figuren.de\/?p=535#primaryimage\"},\"thumbnailUrl\":\"https:\/\/www.drahtige-figuren.de\/wp-content\/uploads\/2024\/08\/kils-1024x545.gif\",\"datePublished\":\"2024-08-30T10:38:07+00:00\",\"dateModified\":\"2024-08-30T10:38:08+00:00\",\"author\":{\"@id\":\"https:\/\/www.drahtige-figuren.de\/#\/schema\/person\/d87d595b1fb89d1ad3b6ecc96af40510\"},\"description\":\"Ursula Rickert-Rieb stellt ihre \\\"drahtigen Figuren\\\" bei Kunst in Licher Scheunen am 7. und 8. September 2024 in der Obergasse 11 in Lich aus\",\"breadcrumb\":{\"@id\":\"https:\/\/www.drahtige-figuren.de\/?p=535#breadcrumb\"},\"inLanguage\":\"de\",\"potentialAction\":[{\"@type\":\"ReadAction\",\"target\":[\"https:\/\/www.drahtige-figuren.de\/?p=535\"]}]},{\"@type\":\"ImageObject\",\"inLanguage\":\"de\",\"@id\":\"https:\/\/www.drahtige-figuren.de\/?p=535#primaryimage\",\"url\":\"https:\/\/www.drahtige-figuren.de\/wp-content\/uploads\/2024\/08\/kils.gif\",\"contentUrl\":\"https:\/\/www.drahtige-figuren.de\/wp-content\/uploads\/2024\/08\/kils.gif\",\"width\":1999,\"height\":1064},{\"@type\":\"BreadcrumbList\",\"@id\":\"https:\/\/www.drahtige-figuren.de\/?p=535#breadcrumb\",\"itemListElement\":[{\"@type\":\"ListItem\",\"position\":1,\"name\":\"Home\",\"item\":\"https:\/\/www.drahtige-figuren.de\/\"},{\"@type\":\"ListItem\",\"position\":2,\"name\":\"Kunst in Licher Scheunen 2024\"}]},{\"@type\":\"WebSite\",\"@id\":\"https:\/\/www.drahtige-figuren.de\/#website\",\"url\":\"https:\/\/www.drahtige-figuren.de\/\",\"name\":\"\",\"description\":\"\",\"potentialAction\":[{\"@type\":\"SearchAction\",\"target\":{\"@type\":\"EntryPoint\",\"urlTemplate\":\"https:\/\/www.drahtige-figuren.de\/?s={search_term_string}\"},\"query-input\":{\"@type\":\"PropertyValueSpecification\",\"valueRequired\":true,\"valueName\":\"search_term_string\"}}],\"inLanguage\":\"de\"},{\"@type\":\"Person\",\"@id\":\"https:\/\/www.drahtige-figuren.de\/#\/schema\/person\/d87d595b1fb89d1ad3b6ecc96af40510\",\"name\":\"harpo\",\"image\":{\"@type\":\"ImageObject\",\"inLanguage\":\"de\",\"@id\":\"https:\/\/www.drahtige-figuren.de\/#\/schema\/person\/image\/\",\"url\":\"https:\/\/secure.gravatar.com\/avatar\/198bcecc77c146e5ea8d4540d99560b4b486a090b927ff654b2c125224d88117?s=96&d=mm&r=g\",\"contentUrl\":\"https:\/\/secure.gravatar.com\/avatar\/198bcecc77c146e5ea8d4540d99560b4b486a090b927ff654b2c125224d88117?s=96&d=mm&r=g\",\"caption\":\"harpo\"},\"url\":\"https:\/\/www.drahtige-figuren.de\/?author=1\"}]}<\/script>\n<!-- \/ Yoast SEO plugin. -->","yoast_head_json":{"title":"Drahtige Figuren bei Kunst in Licher Scheunen 2024","description":"Ursula Rickert-Rieb stellt ihre \"drahtigen Figuren\" bei Kunst in Licher Scheunen am 7. und 8. September 2024 in der Obergasse 11 in Lich aus","robots":{"index":"index","follow":"follow","max-snippet":"max-snippet:-1","max-image-preview":"max-image-preview:large","max-video-preview":"max-video-preview:-1"},"canonical":"https:\/\/www.drahtige-figuren.de\/?p=535","twitter_misc":{"Verfasst von":"harpo","Gesch\u00e4tzte Lesezeit":"2\u00a0Minuten"},"schema":{"@context":"https:\/\/schema.org","@graph":[{"@type":"Article","@id":"https:\/\/www.drahtige-figuren.de\/?p=535#article","isPartOf":{"@id":"https:\/\/www.drahtige-figuren.de\/?p=535"},"author":{"name":"harpo","@id":"https:\/\/www.drahtige-figuren.de\/#\/schema\/person\/d87d595b1fb89d1ad3b6ecc96af40510"},"headline":"Kunst in Licher Scheunen 2024","datePublished":"2024-08-30T10:38:07+00:00","dateModified":"2024-08-30T10:38:08+00:00","mainEntityOfPage":{"@id":"https:\/\/www.drahtige-figuren.de\/?p=535"},"wordCount":227,"commentCount":0,"image":{"@id":"https:\/\/www.drahtige-figuren.de\/?p=535#primaryimage"},"thumbnailUrl":"https:\/\/www.drahtige-figuren.de\/wp-content\/uploads\/2024\/08\/kils-1024x545.gif","inLanguage":"de","potentialAction":[{"@type":"CommentAction","name":"Comment","target":["https:\/\/www.drahtige-figuren.de\/?p=535#respond"]}]},{"@type":"WebPage","@id":"https:\/\/www.drahtige-figuren.de\/?p=535","url":"https:\/\/www.drahtige-figuren.de\/?p=535","name":"Drahtige Figuren bei Kunst in Licher Scheunen 2024","isPartOf":{"@id":"https:\/\/www.drahtige-figuren.de\/#website"},"primaryImageOfPage":{"@id":"https:\/\/www.drahtige-figuren.de\/?p=535#primaryimage"},"image":{"@id":"https:\/\/www.drahtige-figuren.de\/?p=535#primaryimage"},"thumbnailUrl":"https:\/\/www.drahtige-figuren.de\/wp-content\/uploads\/2024\/08\/kils-1024x545.gif","datePublished":"2024-08-30T10:38:07+00:00","dateModified":"2024-08-30T10:38:08+00:00","author":{"@id":"https:\/\/www.drahtige-figuren.de\/#\/schema\/person\/d87d595b1fb89d1ad3b6ecc96af40510"},"description":"Ursula Rickert-Rieb stellt ihre \"drahtigen Figuren\" bei Kunst in Licher Scheunen am 7. und 8. September 2024 in der Obergasse 11 in Lich aus","breadcrumb":{"@id":"https:\/\/www.drahtige-figuren.de\/?p=535#breadcrumb"},"inLanguage":"de","potentialAction":[{"@type":"ReadAction","target":["https:\/\/www.drahtige-figuren.de\/?p=535"]}]},{"@type":"ImageObject","inLanguage":"de","@id":"https:\/\/www.drahtige-figuren.de\/?p=535#primaryimage","url":"https:\/\/www.drahtige-figuren.de\/wp-content\/uploads\/2024\/08\/kils.gif","contentUrl":"https:\/\/www.drahtige-figuren.de\/wp-content\/uploads\/2024\/08\/kils.gif","width":1999,"height":1064},{"@type":"BreadcrumbList","@id":"https:\/\/www.drahtige-figuren.de\/?p=535#breadcrumb","itemListElement":[{"@type":"ListItem","position":1,"name":"Home","item":"https:\/\/www.drahtige-figuren.de\/"},{"@type":"ListItem","position":2,"name":"Kunst in Licher Scheunen 2024"}]},{"@type":"WebSite","@id":"https:\/\/www.drahtige-figuren.de\/#website","url":"https:\/\/www.drahtige-figuren.de\/","name":"","description":"","potentialAction":[{"@type":"SearchAction","target":{"@type":"EntryPoint","urlTemplate":"https:\/\/www.drahtige-figuren.de\/?s={search_term_string}"},"query-input":{"@type":"PropertyValueSpecification","valueRequired":true,"valueName":"search_term_string"}}],"inLanguage":"de"},{"@type":"Person","@id":"https:\/\/www.drahtige-figuren.de\/#\/schema\/person\/d87d595b1fb89d1ad3b6ecc96af40510","name":"harpo","image":{"@type":"ImageObject","inLanguage":"de","@id":"https:\/\/www.drahtige-figuren.de\/#\/schema\/person\/image\/","url":"https:\/\/secure.gravatar.com\/avatar\/198bcecc77c146e5ea8d4540d99560b4b486a090b927ff654b2c125224d88117?s=96&d=mm&r=g","contentUrl":"https:\/\/secure.gravatar.com\/avatar\/198bcecc77c146e5ea8d4540d99560b4b486a090b927ff654b2c125224d88117?s=96&d=mm&r=g","caption":"harpo"},"url":"https:\/\/www.drahtige-figuren.de\/?author=1"}]}},"jetpack_featured_media_url":"","jetpack_sharing_enabled":true,"_links":{"self":[{"href":"https:\/\/www.drahtige-figuren.de\/index.php?rest_route=\/wp\/v2\/posts\/535","targetHints":{"allow":["GET"]}}],"collection":[{"href":"https:\/\/www.drahtige-figuren.de\/index.php?rest_route=\/wp\/v2\/posts"}],"about":[{"href":"https:\/\/www.drahtige-figuren.de\/index.php?rest_route=\/wp\/v2\/types\/post"}],"author":[{"embeddable":true,"href":"https:\/\/www.drahtige-figuren.de\/index.php?rest_route=\/wp\/v2\/users\/1"}],"replies":[{"embeddable":true,"href":"https:\/\/www.drahtige-figuren.de\/index.php?rest_route=%2Fwp%2Fv2%2Fcomments&post=535"}],"version-history":[{"count":3,"href":"https:\/\/www.drahtige-figuren.de\/index.php?rest_route=\/wp\/v2\/posts\/535\/revisions"}],"predecessor-version":[{"id":540,"href":"https:\/\/www.drahtige-figuren.de\/index.php?rest_route=\/wp\/v2\/posts\/535\/revisions\/540"}],"wp:attachment":[{"href":"https:\/\/www.drahtige-figuren.de\/index.php?rest_route=%2Fwp%2Fv2%2Fmedia&parent=535"}],"wp:term":[{"taxonomy":"category","embeddable":true,"href":"https:\/\/www.drahtige-figuren.de\/index.php?rest_route=%2Fwp%2Fv2%2Fcategories&post=535"},{"taxonomy":"post_tag","embeddable":true,"href":"https:\/\/www.drahtige-figuren.de\/index.php?rest_route=%2Fwp%2Fv2%2Ftags&post=535"}],"curies":[{"name":"wp","href":"https:\/\/api.w.org\/{rel}","templated":true}]}}